{"id":1128,"date":"2022-02-21T17:21:01","date_gmt":"2022-02-21T17:21:01","guid":{"rendered":"https:\/\/www.sahra-damus.de\/wordpress\/?p=1128"},"modified":"2022-05-18T08:50:41","modified_gmt":"2022-05-18T08:50:41","slug":"pressemitteilung-zu-hohenzollern-gerichtsverfahren","status":"publish","type":"post","link":"https:\/\/www.sahra-damus.de\/wordpress\/pressemitteilung-zu-hohenzollern-gerichtsverfahren\/","title":{"rendered":"Entsch\u00e4digungen nach dem Ausgleichsleistungsgesetz: Statement zum Hohenzollern-Gerichtsverfahren"},"content":{"rendered":"<p><img loading=\"lazy\" decoding=\"async\" class=\"size-medium wp-image-1133 alignleft\" src=\"https:\/\/www.sahra-damus.de\/wordpress\/wp-content\/uploads\/2022\/02\/274474822_10158850709476747_1055449647815377742_n-300x200.jpg\" alt=\"\" width=\"300\" height=\"200\" srcset=\"https:\/\/www.sahra-damus.de\/wordpress\/wp-content\/uploads\/2022\/02\/274474822_10158850709476747_1055449647815377742_n-300x200.jpg 300w, https:\/\/www.sahra-damus.de\/wordpress\/wp-content\/uploads\/2022\/02\/274474822_10158850709476747_1055449647815377742_n-768x512.jpg 768w, https:\/\/www.sahra-damus.de\/wordpress\/wp-content\/uploads\/2022\/02\/274474822_10158850709476747_1055449647815377742_n.jpg 799w\" sizes=\"auto, (max-width: 300px) 100vw, 300px\" \/>Es ist schon sehr schief, dass Georg Friedrich Prinz von Preu\u00dfen einerseits das Land Brandenburg verklagt, aber andererseits mit Verweis auf den Bund und das Land Berlin das Verfahren erneut aussetzen will. Weder der Bund noch Berlin sind Beklagte in diesem Verfahren. Das ist also keine plausible Begr\u00fcndung, um die Wiederaufnahme des Verfahrens zu verhindern. Wenn er die gerichtliche Auseinandersetzung offensichtlich seit mehreren Jahren selbst nicht fortf\u00fchren m\u00f6chte, gibt es einen einfachen Weg, diese zu beenden: Er kann die Klage zur\u00fcckziehen<!--more--><!--noteaser--><b><span style=\"font-family: 'Segoe UI',sans-serif;\">Presseinformation der Fraktion B\u00dcNDNIS 90\/DIE GR\u00dcNEN im Brandenburger Landtag <\/span><\/b><\/p>\n<p><b><span style=\"font-family: 'Segoe UI',sans-serif;\">Statement Sahra Damus zum Hohenzollern-Gerichtsverfahren<\/span><\/b><\/p>\n<p><b><span style=\"font-family: 'Segoe UI',sans-serif;\">Potsdam, 21.02.2022 <\/span><\/b><\/p>\n<p><span style=\"font-family: 'Segoe UI',sans-serif;\">Zum erneuten Vorsto\u00df von Georg Friedrich Prinz von Preu\u00dfen, das Gerichtsverfahren auf Entsch\u00e4digungen nach dem Ausgleichsleistungsgesetz ruhend zu stellen, erkl\u00e4rt <b>Sahra Damus<\/b>, kulturpolitische Sprecherin der Fraktion B\u00dcNDNIS 90\/DIE GR\u00dcNEN i<\/span><span style=\"font-family: 'Segoe UI',sans-serif;\">m Brandenburger Landtag:<\/span><\/p>\n<p><span style=\"font-family: 'Segoe UI',sans-serif;\">&#8220;Es ist schon sehr schief, dass Georg Friedrich Prinz von Preu\u00dfen einerseits das Land Brandenburg verklagt, aber andererseits mit Verweis auf den Bund und das Land Berlin das Verfahren erneut aussetzen will. Weder der Bund noch Berlin sind Beklagte in diesem Verfahren. Das ist also keine plausible Begr\u00fcndung, um die Wiederaufnahme des Verfahrens zu verhindern. Wenn er die gerichtliche Auseinandersetzung offensichtlich seit mehreren Jahren selbst nicht fortf\u00fchren m\u00f6chte, gibt es einen einfachen Weg, diese zu beenden: Er kann die Klage zur\u00fcckziehen.<img loading=\"lazy\" decoding=\"async\" class=\"wp-image-1133 alignright\" src=\"https:\/\/www.sahra-damus.de\/wordpress\/wp-content\/uploads\/2022\/02\/274474822_10158850709476747_1055449647815377742_n-300x200.jpg\" alt=\"\" width=\"465\" height=\"310\" srcset=\"https:\/\/www.sahra-damus.de\/wordpress\/wp-content\/uploads\/2022\/02\/274474822_10158850709476747_1055449647815377742_n-300x200.jpg 300w, https:\/\/www.sahra-damus.de\/wordpress\/wp-content\/uploads\/2022\/02\/274474822_10158850709476747_1055449647815377742_n-768x512.jpg 768w, https:\/\/www.sahra-damus.de\/wordpress\/wp-content\/uploads\/2022\/02\/274474822_10158850709476747_1055449647815377742_n.jpg 799w\" sizes=\"auto, (max-width: 465px) 100vw, 465px\" \/><\/span><\/p>\n<p><span style=\"font-family: 'Segoe UI',sans-serif;\">Andernfalls geht er das Risiko ein, dass das Verwaltungsgericht Potsdam das Verfahren z\u00fcgig wieder aufnimmt und einer erneuten Fristverl\u00e4ngerung nicht zustimmt. Denn Finanzministerin Lange hatte sich als zweite Verfahrensbeteiligte im Einklang mit unserem Landtagsbeschluss bereits im August gegen eine weitere Ruhendstellung ausgesprochen.<\/span><\/p>\n<p><span style=\"font-family: 'Segoe UI',sans-serif;\">Herrn Prinz von Preu\u00dfen scheint es darum zu gehen, ein Urteil hinauszuz\u00f6gern oder zu verhindern, weil er seine Felle davonschwimmen sieht. Denn zwischenzeitlich sind weitere hochrangige wissenschaftliche Publikationen zu dem Ergebnis gekommen, dass Kronprinz Wilhelm den Nationalsozialisten erheblich Vorschub geleistet hat, etwa die B\u00fccher von Stephan Malinowski und Lothar Machtan. M\u00f6glicherweise erhofft sich Herr Prinz von Preu\u00dfen auch, durch immer neue formale Antr\u00e4ge das Verfahren so auszudehnen, bis irgendwann in mehreren Jahren die politischen Konstellationen in Brandenburg, Berlin und dem Bund erfolgsversprechend erscheinen. Dass allerdings sowohl das rot-schwarz-gr\u00fcn regierte Brandenburg als auch das rot-gr\u00fcn-rot-gef\u00fchrte Berlin bereits per Parlamentsbeschluss best\u00e4tigt haben, dass die Frage der Vorschubleistung endg\u00fcltig nur gerichtlich gekl\u00e4rt werden kann, sollte ihm zu denken geben.&#8221;<\/span><\/p>\n","protected":false},"excerpt":{"rendered":"<p>Es ist schon sehr schief, dass Georg Friedrich Prinz von Preu\u00dfen einerseits das Land Brandenburg verklagt, aber andererseits mit Verweis auf den Bund und das Land Berlin das Verfahren erneut [&hellip;]<\/p>\n","protected":false},"author":1,"featured_media":0,"comment_status":"open","ping_status":"open","sticky":false,"template":"","format":"standard","meta":{"footnotes":""},"categories":[1],"tags":[20],"class_list":["post-1128","post","type-post","status-publish","format-standard","hentry","category-uncategorized","tag-hohenzollern"],"_links":{"self":[{"href":"https:\/\/www.sahra-damus.de\/wordpress\/wp-json\/wp\/v2\/posts\/1128","targetHints":{"allow":["GET"]}}],"collection":[{"href":"https:\/\/www.sahra-damus.de\/wordpress\/wp-json\/wp\/v2\/posts"}],"about":[{"href":"https:\/\/www.sahra-damus.de\/wordpress\/wp-json\/wp\/v2\/types\/post"}],"author":[{"embeddable":true,"href":"https:\/\/www.sahra-damus.de\/wordpress\/wp-json\/wp\/v2\/users\/1"}],"replies":[{"embeddable":true,"href":"https:\/\/www.sahra-damus.de\/wordpress\/wp-json\/wp\/v2\/comments?post=1128"}],"version-history":[{"count":9,"href":"https:\/\/www.sahra-damus.de\/wordpress\/wp-json\/wp\/v2\/posts\/1128\/revisions"}],"predecessor-version":[{"id":1146,"href":"https:\/\/www.sahra-damus.de\/wordpress\/wp-json\/wp\/v2\/posts\/1128\/revisions\/1146"}],"wp:attachment":[{"href":"https:\/\/www.sahra-damus.de\/wordpress\/wp-json\/wp\/v2\/media?parent=1128"}],"wp:term":[{"taxonomy":"category","embeddable":true,"href":"https:\/\/www.sahra-damus.de\/wordpress\/wp-json\/wp\/v2\/categories?post=1128"},{"taxonomy":"post_tag","embeddable":true,"href":"https:\/\/www.sahra-damus.de\/wordpress\/wp-json\/wp\/v2\/tags?post=1128"}],"curies":[{"name":"wp","href":"https:\/\/api.w.org\/{rel}","templated":true}]}}