{"id":115,"date":"2020-03-31T09:53:47","date_gmt":"2020-03-31T09:53:47","guid":{"rendered":"https:\/\/www.sahra-damus.de\/wordpress?p=115"},"modified":"2020-04-07T07:07:44","modified_gmt":"2020-04-07T07:07:44","slug":"hotlines-fuer-betroffene-haeuslicher-gewalt","status":"publish","type":"post","link":"https:\/\/www.sahra-damus.de\/wordpress\/hotlines-fuer-betroffene-haeuslicher-gewalt\/","title":{"rendered":"Hotlines f\u00fcr Betroffene h\u00e4uslicher Gewalt"},"content":{"rendered":"<p><img loading=\"lazy\" decoding=\"async\" class=\" wp-image-117 alignleft\" src=\"https:\/\/www.sahra-damus.de\/wordpresswp-content\/uploads\/2020\/04\/hilfetelefon-gewalt-5-200x300.jpg\" alt=\"\" width=\"422\" height=\"633\" \/>W\u00e4hrend der #Quarant\u00e4ne kann die Enge zu Hause auch gef\u00e4hrlich werden. Leider ist in und nach solchen Krisensituationen eine Zunahme h\u00e4uslicher Gewalt zu beobachten.<\/p>\n<p>#StayHome und #AbstandHalten d\u00fcrfen aber nicht bedeuten, Menschen mit ihren Problemen allein zu lassen. Es gibt viele Hilfsangebote, die online oder telefonisch genutzt werden k\u00f6nnen. Seid aufmerksam und weist Betroffene darauf hin.<\/p>\n<p>In Frankfurt (Oder) ist <strong>die<\/strong> <strong>Frauenberatungsstelle h\u00e4usliche Gewalt der Johanniter<\/strong> unter\u00a00335-40123300oder pers\u00f6nlich im \u00c4rztehaus Leipziger Stra\u00dfeerreichbar. Sie vermitteln auch kostenlos vor\u00fcbergehend Schutzwohnungen f\u00fcr Betroffene und ihre Kinder.<\/p>\n","protected":false},"excerpt":{"rendered":"<p>W\u00e4hrend der #Quarant\u00e4ne kann die Enge zu Hause auch gef\u00e4hrlich werden. Leider ist in und nach solchen Krisensituationen eine Zunahme h\u00e4uslicher Gewalt zu beobachten. #StayHome und #AbstandHalten d\u00fcrfen aber nicht [&hellip;]<\/p>\n","protected":false},"author":1,"featured_media":0,"comment_status":"open","ping_status":"open","sticky":false,"template":"","format":"standard","meta":{"footnotes":""},"categories":[11,10],"tags":[],"class_list":["post-115","post","type-post","status-publish","format-standard","hentry","category-corona-pandemie","category-mitteilung"],"_links":{"self":[{"href":"https:\/\/www.sahra-damus.de\/wordpress\/wp-json\/wp\/v2\/posts\/115","targetHints":{"allow":["GET"]}}],"collection":[{"href":"https:\/\/www.sahra-damus.de\/wordpress\/wp-json\/wp\/v2\/posts"}],"about":[{"href":"https:\/\/www.sahra-damus.de\/wordpress\/wp-json\/wp\/v2\/types\/post"}],"author":[{"embeddable":true,"href":"https:\/\/www.sahra-damus.de\/wordpress\/wp-json\/wp\/v2\/users\/1"}],"replies":[{"embeddable":true,"href":"https:\/\/www.sahra-damus.de\/wordpress\/wp-json\/wp\/v2\/comments?post=115"}],"version-history":[{"count":3,"href":"https:\/\/www.sahra-damus.de\/wordpress\/wp-json\/wp\/v2\/posts\/115\/revisions"}],"predecessor-version":[{"id":120,"href":"https:\/\/www.sahra-damus.de\/wordpress\/wp-json\/wp\/v2\/posts\/115\/revisions\/120"}],"wp:attachment":[{"href":"https:\/\/www.sahra-damus.de\/wordpress\/wp-json\/wp\/v2\/media?parent=115"}],"wp:term":[{"taxonomy":"category","embeddable":true,"href":"https:\/\/www.sahra-damus.de\/wordpress\/wp-json\/wp\/v2\/categories?post=115"},{"taxonomy":"post_tag","embeddable":true,"href":"https:\/\/www.sahra-damus.de\/wordpress\/wp-json\/wp\/v2\/tags?post=115"}],"curies":[{"name":"wp","href":"https:\/\/api.w.org\/{rel}","templated":true}]}}