{"id":1173,"date":"2022-04-04T13:11:00","date_gmt":"2022-04-04T13:11:00","guid":{"rendered":"https:\/\/www.sahra-damus.de\/wordpress\/?p=1173"},"modified":"2022-05-18T08:47:33","modified_gmt":"2022-05-18T08:47:33","slug":"petition-haltepunkt-boossen-reaktivieren","status":"publish","type":"post","link":"https:\/\/www.sahra-damus.de\/wordpress\/petition-haltepunkt-boossen-reaktivieren\/","title":{"rendered":"Petition: Haltepunkt Boo\u00dfen reaktivieren!"},"content":{"rendered":"<p><span dir=\"auto\"><img loading=\"lazy\" decoding=\"async\" class=\"size-medium wp-image-1178 alignleft\" src=\"https:\/\/www.sahra-damus.de\/wordpress\/wp-content\/uploads\/2022\/04\/haltepunkt-boossen-reaktiviere-300x158.png\" alt=\"\" width=\"300\" height=\"158\" srcset=\"https:\/\/www.sahra-damus.de\/wordpress\/wp-content\/uploads\/2022\/04\/haltepunkt-boossen-reaktiviere-300x158.png 300w, https:\/\/www.sahra-damus.de\/wordpress\/wp-content\/uploads\/2022\/04\/haltepunkt-boossen-reaktiviere-1024x538.png 1024w, https:\/\/www.sahra-damus.de\/wordpress\/wp-content\/uploads\/2022\/04\/haltepunkt-boossen-reaktiviere-768x403.png 768w, https:\/\/www.sahra-damus.de\/wordpress\/wp-content\/uploads\/2022\/04\/haltepunkt-boossen-reaktiviere.png 1200w\" sizes=\"auto, (max-width: 300px) 100vw, 300px\" \/>Seit 25 Jahren h\u00e4lt der Zug nicht mehr im Frankfurter Ortsteil Boo\u00dfen. Mehr als 2000 Menschen im Umkreis des Haltepunktes k\u00f6nnten von einer Reaktivierung profitieren, weil sie mit der Bahn die schnellste Verkehrsm\u00f6glichkeit mit nur 5 Minuten bis zur Innenstadt h\u00e4tten, statt 27 Minuten mit dem Bus. Wir rufen dazu auf, online oder noch besser auf Papier diese Petition zu unterzeichnen. <!--more--><!--noteaser--><img loading=\"lazy\" decoding=\"async\" class=\" wp-image-1178 alignright\" src=\"https:\/\/www.sahra-damus.de\/wordpress\/wp-content\/uploads\/2022\/04\/haltepunkt-boossen-reaktiviere-300x158.png\" alt=\"\" width=\"530\" height=\"279\" srcset=\"https:\/\/www.sahra-damus.de\/wordpress\/wp-content\/uploads\/2022\/04\/haltepunkt-boossen-reaktiviere-300x158.png 300w, https:\/\/www.sahra-damus.de\/wordpress\/wp-content\/uploads\/2022\/04\/haltepunkt-boossen-reaktiviere-1024x538.png 1024w, https:\/\/www.sahra-damus.de\/wordpress\/wp-content\/uploads\/2022\/04\/haltepunkt-boossen-reaktiviere-768x403.png 768w, https:\/\/www.sahra-damus.de\/wordpress\/wp-content\/uploads\/2022\/04\/haltepunkt-boossen-reaktiviere.png 1200w\" sizes=\"auto, (max-width: 530px) 100vw, 530px\" \/>Seit 25 Jahren h\u00e4lt der Zug nicht mehr im Frankfurter Ortsteil Boo\u00dfen. Mehr als 2000 Menschen im Umkreis des Haltepunktes k\u00f6nnten von einer Reaktivierung profitieren, weil sie mit der Bahn die schnellste Verkehrsm\u00f6glichkeit mit nur 5 Minuten bis zur Innenstadt h\u00e4tten, statt 27 Minuten mit dem Bus. Wir rufen dazu auf, online oder noch besser auf Papier diese Petition zu unterzeichnen. Die Papierversion geht dann auch an den Petitionsausschuss des Landtags. Bitte druckt diese Liste aus und sammelt bei Familie, Freunden, Arbeitskolleg*innen\u2026 <a href=\"https:\/\/wolke.netzbegruenung.de\/s\/8ccnJBkr9ZCfrgd\" target=\"_blank\" rel=\"noreferrer noopener\">https:\/\/wolke.netzbegruenung.de\/s\/8ccnJBkr9ZCfrgd<\/a> Deadline ist der 20. April. Ausgef\u00fcllte Listen k\u00f6nnt ihr im gr\u00fcnen B\u00fcro in der Gubener Str. 40 in den Briefkasten werfen. Die Listen liegen auch an folgenden Orten aus: <a tabindex=\"0\" role=\"link\" href=\"https:\/\/www.facebook.com\/S_Kultur-Suppen-und-mehr-101958564788446\/?__cft__[0]=AZVq84kT3xHg9e2LpWgpbWplMmxNolj5Hq95Q-6GTtWP8PqlY1B-2pBN4tRPGbIdJm1c8Lym_9wgFhuqmx7bWHiJh-Yzx-b4WHd7fNPjJLU_FDVLPuBfqffFzCEyjdnuKu1GD892pNwzZlNqKaIi_wQo&amp;__tn__=kK-R\">S_Kultur<\/a>, Reha links der Oder in der Goepelstra\u00dfe, <a tabindex=\"0\" role=\"link\" href=\"https:\/\/www.facebook.com\/mikado.ffo\/?__cft__[0]=AZVq84kT3xHg9e2LpWgpbWplMmxNolj5Hq95Q-6GTtWP8PqlY1B-2pBN4tRPGbIdJm1c8Lym_9wgFhuqmx7bWHiJh-Yzx-b4WHd7fNPjJLU_FDVLPuBfqffFzCEyjdnuKu1GD892pNwzZlNqKaIi_wQo&amp;__tn__=kK-R\">MehrGenerationenHaus MIKADO<\/a>, Tante-Emma-Laden in der Humboldtstr. und dem Bioladen im Gronenfelder Weg von <a tabindex=\"0\" role=\"link\" href=\"https:\/\/www.facebook.com\/wicherndiakonie\/?__cft__[0]=AZVq84kT3xHg9e2LpWgpbWplMmxNolj5Hq95Q-6GTtWP8PqlY1B-2pBN4tRPGbIdJm1c8Lym_9wgFhuqmx7bWHiJh-Yzx-b4WHd7fNPjJLU_FDVLPuBfqffFzCEyjdnuKu1GD892pNwzZlNqKaIi_wQo&amp;__tn__=kK-R\">Wichern<\/a>, im Naturkostladen im Oderturm, bei <a tabindex=\"0\" role=\"link\" href=\"https:\/\/www.facebook.com\/naturalia.biomarkt\/?__cft__[0]=AZVq84kT3xHg9e2LpWgpbWplMmxNolj5Hq95Q-6GTtWP8PqlY1B-2pBN4tRPGbIdJm1c8Lym_9wgFhuqmx7bWHiJh-Yzx-b4WHd7fNPjJLU_FDVLPuBfqffFzCEyjdnuKu1GD892pNwzZlNqKaIi_wQo&amp;__tn__=kK-R\">Naturalia<\/a><\/span><span dir=\"auto\">, bei \u201eDer Laden\u201c in der Gro\u00dfen Scharrnstra\u00dfe und last but not least bei B\u00e4ckerei Baumg\u00e4rtel in Boo\u00dfen. <\/span><span class=\"d2edcug0 hpfvmrgz qv66sw1b c1et5uql lr9zc1uh a8c37x1j fe6kdd0r mau55g9w c8b282yb keod5gw0 nxhoafnm aigsh9s9 d3f4x2em iv3no6db jq4qci2q a3bd9o3v b1v8xokw oo9gr5id hzawbc8m\" dir=\"auto\"><br \/>\n<\/span><\/p>\n","protected":false},"excerpt":{"rendered":"<p>Seit 25 Jahren h\u00e4lt der Zug nicht mehr im Frankfurter Ortsteil Boo\u00dfen. Mehr als 2000 Menschen im Umkreis des Haltepunktes k\u00f6nnten von einer Reaktivierung profitieren, weil sie mit der Bahn [&hellip;]<\/p>\n","protected":false},"author":1,"featured_media":0,"comment_status":"open","ping_status":"open","sticky":false,"template":"","format":"standard","meta":{"footnotes":""},"categories":[7],"tags":[27,29,28],"class_list":["post-1173","post","type-post","status-publish","format-standard","hentry","category-pressemitteilungen","tag-haltepunkt-boossen","tag-mobilitaet","tag-oepnv"],"_links":{"self":[{"href":"https:\/\/www.sahra-damus.de\/wordpress\/wp-json\/wp\/v2\/posts\/1173","targetHints":{"allow":["GET"]}}],"collection":[{"href":"https:\/\/www.sahra-damus.de\/wordpress\/wp-json\/wp\/v2\/posts"}],"about":[{"href":"https:\/\/www.sahra-damus.de\/wordpress\/wp-json\/wp\/v2\/types\/post"}],"author":[{"embeddable":true,"href":"https:\/\/www.sahra-damus.de\/wordpress\/wp-json\/wp\/v2\/users\/1"}],"replies":[{"embeddable":true,"href":"https:\/\/www.sahra-damus.de\/wordpress\/wp-json\/wp\/v2\/comments?post=1173"}],"version-history":[{"count":5,"href":"https:\/\/www.sahra-damus.de\/wordpress\/wp-json\/wp\/v2\/posts\/1173\/revisions"}],"predecessor-version":[{"id":1179,"href":"https:\/\/www.sahra-damus.de\/wordpress\/wp-json\/wp\/v2\/posts\/1173\/revisions\/1179"}],"wp:attachment":[{"href":"https:\/\/www.sahra-damus.de\/wordpress\/wp-json\/wp\/v2\/media?parent=1173"}],"wp:term":[{"taxonomy":"category","embeddable":true,"href":"https:\/\/www.sahra-damus.de\/wordpress\/wp-json\/wp\/v2\/categories?post=1173"},{"taxonomy":"post_tag","embeddable":true,"href":"https:\/\/www.sahra-damus.de\/wordpress\/wp-json\/wp\/v2\/tags?post=1173"}],"curies":[{"name":"wp","href":"https:\/\/api.w.org\/{rel}","templated":true}]}}