{"id":1181,"date":"2022-05-17T11:22:57","date_gmt":"2022-05-17T11:22:57","guid":{"rendered":"https:\/\/www.sahra-damus.de\/wordpress\/?p=1181"},"modified":"2022-05-18T08:50:24","modified_gmt":"2022-05-18T08:50:24","slug":"buendnisgruene-landtagsfraktion-zieht-halbzeitbilanz-in-wriezen","status":"publish","type":"post","link":"https:\/\/www.sahra-damus.de\/wordpress\/buendnisgruene-landtagsfraktion-zieht-halbzeitbilanz-in-wriezen\/","title":{"rendered":"B\u00fcndnisgr\u00fcne Landtagsfraktion zieht Halbzeitbilanz in Wriezen"},"content":{"rendered":"<p><img loading=\"lazy\" decoding=\"async\" class=\"size-medium wp-image-1183 alignleft\" src=\"https:\/\/www.sahra-damus.de\/wordpress\/wp-content\/uploads\/2022\/05\/photo_2022-05-17_12-51-29-225x300.jpg\" alt=\"\" width=\"225\" height=\"300\" srcset=\"https:\/\/www.sahra-damus.de\/wordpress\/wp-content\/uploads\/2022\/05\/photo_2022-05-17_12-51-29-225x300.jpg 225w, https:\/\/www.sahra-damus.de\/wordpress\/wp-content\/uploads\/2022\/05\/photo_2022-05-17_12-51-29-768x1024.jpg 768w, https:\/\/www.sahra-damus.de\/wordpress\/wp-content\/uploads\/2022\/05\/photo_2022-05-17_12-51-29.jpg 960w\" sizes=\"auto, (max-width: 225px) 100vw, 225px\" \/>&#8220;Ich bin 2019 als Landtagsabgeordnete angetreten, damit der Osten in Potsdam eine starke Stimme hat&#8221;, sagte die Landtagsabgeordnete Sahra Damus (Gr\u00fcne) am vergangenen Freitag beim &#8220;Halbzeit-Abend&#8221; im Gr\u00fcnen B\u00fcro in der Wriezener Wilhelmstra\u00dfe. &#8220;Nach 2,5 Jahren Regierungsbeteilung ist es Zeit, eine Bilanz zu ziehen und darauf zu schauen, was wir schon erreicht haben und was wir noch vorhaben&#8221;, so Damus.<br \/>\nSie lud daher zusammen mit der Fraktionsvorsitzenden Petra Budke, sowie dem verkehrspolitischen Sprecher Clemens Rostock interessierte B\u00fcrger*innen, Vertreter*innen aus der Zivilgesellschaft, Verwaltung und Politik zum Gespr\u00e4ch ein. Dieser Abend war gleichzeitig die vorletzte von landesweit insgesamt 15 Stationen der Halbzeittour der gr\u00fcnen Landtagsfraktion, die derzeit unter dem Motto &#8220;Ein besseres Brandenburg f\u00fcr jede*n&#8221; l\u00e4uft.<br \/>\n<!--more--><!--noteaser--><\/p>\n<div id=\"magicdomid5\" class=\"ace-line\" aria-live=\"assertive\"><span class=\"author-a-wz87zdy6tjz65zz65zz72z0lz71z3lc\">&#8220;Ich bin 2019 als Landtagsabgeordnete angetreten, damit der Osten in Potsdam eine starke Stimme hat&#8221;, sagte die Landtagsabgeordnete Sahra Damus (Gr\u00fcne) am vergangenen Freitag beim &#8220;Halbzeit-Abend&#8221; im Gr\u00fcnen B\u00fcro in der Wriezener Wilhelmstra\u00dfe. &#8220;Nach 2,5 Jahren Regierungsbeteilung ist es Zeit, eine Bilanz zu ziehen und darauf zu schauen, was wir schon erreicht haben und was wir noch vorhaben&#8221;, so Damus.<\/span><\/div>\n<div id=\"magicdomid6\" class=\"ace-line\" aria-live=\"assertive\"><span class=\"author-a-wz87zdy6tjz65zz65zz72z0lz71z3lc\">Sie lud daher zusammen mit der Fraktionsvorsitzenden Petra Budke, sowie dem verkehrspolitischen Sprecher Clemens Rostock interessierte B\u00fcrger*innen, Vertreter*innen aus der Zivilgesellschaft, Verwaltung und Politik zum Gespr\u00e4ch ein. Dieser Abend war gleichzeitig die vorletzte von landesweit insgesamt 15 Stationen der Halbzeittour der gr\u00fcnen Landtagsfraktion, die derzeit unter dem Motto &#8220;Ein besseres Brandenburg f\u00fcr jede*n&#8221; l\u00e4uft.<\/span><\/div>\n<div id=\"magicdomid7\" class=\"ace-line\" aria-live=\"assertive\">\n<p>&nbsp;<\/p>\n<div id=\"attachment_1182\" style=\"width: 310px\" class=\"wp-caption alignright\"><img loading=\"lazy\" decoding=\"async\" aria-describedby=\"caption-attachment-1182\" class=\"size-medium wp-image-1182\" src=\"https:\/\/www.sahra-damus.de\/wordpress\/wp-content\/uploads\/2022\/05\/photo_2022-05-17_12-51-20-300x186.jpg\" alt=\"\" width=\"300\" height=\"186\" srcset=\"https:\/\/www.sahra-damus.de\/wordpress\/wp-content\/uploads\/2022\/05\/photo_2022-05-17_12-51-20-300x186.jpg 300w, https:\/\/www.sahra-damus.de\/wordpress\/wp-content\/uploads\/2022\/05\/photo_2022-05-17_12-51-20-1024x634.jpg 1024w, https:\/\/www.sahra-damus.de\/wordpress\/wp-content\/uploads\/2022\/05\/photo_2022-05-17_12-51-20-768x475.jpg 768w, https:\/\/www.sahra-damus.de\/wordpress\/wp-content\/uploads\/2022\/05\/photo_2022-05-17_12-51-20.jpg 1280w\" sizes=\"auto, (max-width: 300px) 100vw, 300px\" \/><p id=\"caption-attachment-1182\" class=\"wp-caption-text\">Sahra Damus, Petra Budke und Clemens Rostock im Gespr\u00e4ch mit G\u00e4ste<\/p><\/div>\n<\/div>\n<div id=\"magicdomid23\" class=\"ace-line\" aria-live=\"assertive\"><span class=\"author-a-wz87zdy6tjz65zz65zz72z0lz71z3lc\"><span style=\"font-size: 16px;\">Petra Budke, die neben ihrer Rolle als Fraktionsvorsitzende auch f\u00fcr die Themen Bildung, Kinder, Sport, Medien und Religion zust\u00e4ndig ist, stellte dar, was die gr\u00fcne Fraktion in den letzten 2,5 Jahren erreicht habe.\u00a0<\/span>Ohne Zweifel sei die Pandemiebek\u00e4mpfung eine dominierende und kr\u00e4ftezehrende Aufgabe gewesen, stellte Petra Budke fest. Dennoch sei es gelungen, wichtige Vorhaben anzugehen. &#8220;Seitdem wir Regierungsfraktion sind, steht Klimaschutz ganz oben auf der Agenda und wir haben mit Axel Vogel den ersten Klimaminister Brandenburgs&#8221;. Der Pakt f\u00fcr Pflege war in den Koalitionsverhandlungen b\u00fcndnisgr\u00fcnes Kernthema. Trotz der coronabedingt schwierigen Haushaltslage hat die Koalition mehr als 22 Millionen Euro im Haushalt des kommenden Jahres verankert, um die Pflege vor Ort zu st\u00e4rken und sie nachhaltig zu gestalten, Pflegebed\u00fcrftige und ihre Angeh\u00f6rigen insbesondere im l\u00e4ndlichen Raum zu entlasten, Beratungsstrukturen auszubauen und die Fachkr\u00e4ftesicherung zu f\u00f6rdern. Die vom Finanzministerium zun\u00e4chst vorgesehenen K\u00fcrzungen etwa im Integrationsbereich konnte die b\u00fcndnisgr\u00fcne Fraktion abwenden. Zudem habe sie f\u00fcr die so wichtige Migrationssozialarbeit das notwendige Geld bereits f\u00fcr die Folgejahre bis 2024 sichern k\u00f6nnen. Im Bereich der Frauenpolitik wurden mehr Pl\u00e4tze in Frauenh\u00e4usern geschaffen und \u00fcber den Hebammenaktionsplan neue Praxen und Geburtsh\u00e4user gef\u00f6rdert. Clemens Rostock wies auf den Ausbau der erneuerbaren Energien, die sehr nachgefragte Lastenradpr\u00e4mie, mehr Geld f\u00fcr Radwege und bessere Zugtakte hin.<\/span><span class=\"author-a-z70zz87ztlgy2z122zoz122zz80z5vhwz80z\"> &#8220;Jahrzehntelang wurden Bahnstrecken stillgelegt und Bahnlinien gek\u00fcrzt. Wir k\u00f6nnten eine Trendumkehr erreichen: endlich wird wieder \u00fcber Stre<\/span><span class=\"author-a-wz87zdy6tjz65zz65zz72z0lz71z3lc\">c<\/span><span class=\"author-a-z70zz87ztlgy2z122zoz122zz80z5vhwz80z\">kenreaktivierungen gesprochen. Zwar brauchen diese Zeit, aber wir kommen Schritt f\u00fcr Schritt voran, auch bei der Wriezener Bahn&#8221;, so Rostock.<\/span><\/div>\n<div id=\"magicdomid10\" class=\"ace-line\" aria-live=\"assertive\">\n<p>&nbsp;<\/p>\n<div class=\"mceTemp\"><\/div>\n<\/div>\n<div id=\"magicdomid11\" class=\"ace-line\" aria-live=\"assertive\"><span class=\"author-a-wz87zdy6tjz65zz65zz72z0lz71z3lc b\"><b>Die Halbzeitbilanz aus Oderbruch-Perspektive<\/b><\/span><\/div>\n<p><img loading=\"lazy\" decoding=\"async\" class=\"size-medium wp-image-1183 alignleft\" src=\"https:\/\/www.sahra-damus.de\/wordpress\/wp-content\/uploads\/2022\/05\/photo_2022-05-17_12-51-29-225x300.jpg\" alt=\"\" width=\"225\" height=\"300\" srcset=\"https:\/\/www.sahra-damus.de\/wordpress\/wp-content\/uploads\/2022\/05\/photo_2022-05-17_12-51-29-225x300.jpg 225w, https:\/\/www.sahra-damus.de\/wordpress\/wp-content\/uploads\/2022\/05\/photo_2022-05-17_12-51-29-768x1024.jpg 768w, https:\/\/www.sahra-damus.de\/wordpress\/wp-content\/uploads\/2022\/05\/photo_2022-05-17_12-51-29.jpg 960w\" sizes=\"auto, (max-width: 225px) 100vw, 225px\" \/>Steffen Blunk, Sprecher des Ortsverbands Wriezen und Vorstandsmitglied der Initiative Wriezener Bahn e. V., freute sich \u00fcber den Besuch aus Potsdam. Er wies darauf hin, dass sich die Distanz zwischen der Landeshauptstadt und dem Oderbruch oftmals anf\u00fchlte wie die Reise zwischen zwei Galaxien. Zu oft entstehe im Osten Brandenburgs das Gef\u00fchl, nicht geh\u00f6rt und gesehen zu werden. Umso mehr freue er sich, dass Sahra Damus sich dazu entschieden habe, ihr 2. Wahlkreisb\u00fcro in der Wriezener Innenstadt zu er\u00f6ffnen. Seit 2019 bestehe ein &#8220;kurzer Draht&#8221; in den Landtag f\u00fcr die wichtigen Belange der Region. &#8220;Keine Fraktion&#8221;, so Blunk, &#8220;hat so viele kleine Anfragen im Landtag zu Gunsten unserer Stadt und der nicht existierenden Bahnstrecke gestellt, wie die B\u00fcndnisgr\u00fcne&#8221;. Rostock und Damus setzen sich f\u00fcr die Aufnahme der Strecke von Werneuchen nach Wriezen in den Landesnahverkehrsplan ein. \u201eDie Reaktivierung der Wriezener Bahn w\u00fcrde eine ganze Region erschlie\u00dfen und viele Institutionen mit dem Regionalverkehr erreichbar machen&#8221;, so Damus.<\/p>\n<p>&nbsp;<\/p>\n<div class=\"ace-line\" aria-live=\"assertive\"><span class=\"author-a-wz87zdy6tjz65zz65zz72z0lz71z3lc\">Hendrik Martens, Sprecher des gr\u00fcnen Regionalverbandes Oderbruch Nord-Ost sprach zwei weitere Themen an, die die Region bewegen: Die geplante Schnellstra\u00dfe durch das Hammerthal und der Streit um die Br\u00fccke in Bad Freienwalde. Der immer noch im Bundesverkehrswegeplan vorgesehenen Ortsumgehung um Bad Freienwalde l\u00e4gen Verkehrsprognosen aus den 1990ern zugrunde, die l\u00e4ngst nicht mehr aktuell seien. Die Beton-Br\u00fccke der B158, so Martens, gef\u00e4hrde den Status der Stadt als Kurort. Hier habe die Landtagsfraktion immer wieder die Arbeit vor Ort unterst\u00fctzt. Die Antworten auf parlamentarische Anfragen sorgten oftmals f\u00fcr mehr Klarheit im Detail und lie\u00dfen sich gut in der Diskussion vor Ort einbringen, um auch falsche Argumente zu entkr\u00e4ften.<\/span><\/div>\n<div aria-live=\"assertive\"><\/div>\n<div aria-live=\"assertive\">\n<p>&nbsp;<\/p>\n<div class=\"mceTemp\"><\/div>\n<\/div>\n<div class=\"ace-line\" aria-live=\"assertive\"><span class=\"author-a-wz87zdy6tjz65zz65zz72z0lz71z3lc\">Robert Krause, der im Kreiskitaelternbeirat engagiert ist, hinterfragte kritisch die auf Eis gelegte Kitarechtsreform mit Verweis auf das rund 25 Jahre alte Kitagesetz in Brandenburg. Petra Budke erkl\u00e4rte, das Land habe dazu einen sehr breiten Beteiligungsprozess mit sechs Arbeitsgruppen durchgef\u00fchrt. Nun l\u00e4gen alle Voraussetzungen f\u00fcr den Entwurf eines neuen Kitagesetzes vor. Daher appelliere sie an den Landkreistag und den St\u00e4dte- und Gemeindebund, die Mitarbeit daran wieder aufzunehmen. &#8220;Alle Verwaltungsebenen und auch wir im Landtag sp\u00fcren t\u00e4glich die Mehrbelastung durch die Krisen. Trotzdem geht selbstverst\u00e4ndlich die parlamentarische Arbeit auch jenseits des Krisenmanagements weiter&#8221;, so Budke. Sobald die Bedingungen es zulassen, sollte deshalb der Reformprozess wieder aufgenommen werden. Verbesserungen des Betreuungsschl\u00fcssels f\u00fcr die Unterdreij\u00e4hrigen und die fest geplanten weiteren beitragsfreien Kita-Jahre w\u00fcrden selbstverst\u00e4ndlich unabh\u00e4ngig davon umgesetzt. Das letzte Kita-Jahr vor der Einschulung ist in Brandenburg schon seit August 2018 f\u00fcr die Eltern kostenfrei. Um den Personalschl\u00fcssel zu verbessern, sollen ab August 2022 auch rund 470 Erzieherinnen und Erzieher zus\u00e4tzlich in Kitas eingesetzt werden.<\/span><\/div>\n<div aria-live=\"assertive\">\n<p>&nbsp;<\/p>\n<div class=\"mceTemp\"><\/div>\n<\/div>\n<div aria-live=\"assertive\"><\/div>\n<div class=\"ace-line\" aria-live=\"assertive\"><span class=\"author-a-wz87zdy6tjz65zz65zz72z0lz71z3lc\">Auch das Thema Hochwasserschutz im Oderbruch und der damit verbundene Oder-Ausbau sei ein wichtiges Thema, dazu k\u00fcndigte Sahra Damus f\u00fcr den Sommer eine Diskussionsveranstaltung f\u00fcr alle Oder-Anrainer-Kreise mit dem Umweltminister in Frankfurt (Oder) an.<\/span><\/div>\n","protected":false},"excerpt":{"rendered":"<p>&#8220;Ich bin 2019 als Landtagsabgeordnete angetreten, damit der Osten in Potsdam eine starke Stimme hat&#8221;, sagte die Landtagsabgeordnete Sahra Damus (Gr\u00fcne) am vergangenen Freitag beim &#8220;Halbzeit-Abend&#8221; im Gr\u00fcnen B\u00fcro in [&hellip;]<\/p>\n","protected":false},"author":1,"featured_media":0,"comment_status":"open","ping_status":"open","sticky":false,"template":"","format":"standard","meta":{"footnotes":""},"categories":[7],"tags":[25,36,41],"class_list":["post-1181","post","type-post","status-publish","format-standard","hentry","category-pressemitteilungen","tag-halbzeitbilanz","tag-mol","tag-wriezen"],"_links":{"self":[{"href":"https:\/\/www.sahra-damus.de\/wordpress\/wp-json\/wp\/v2\/posts\/1181","targetHints":{"allow":["GET"]}}],"collection":[{"href":"https:\/\/www.sahra-damus.de\/wordpress\/wp-json\/wp\/v2\/posts"}],"about":[{"href":"https:\/\/www.sahra-damus.de\/wordpress\/wp-json\/wp\/v2\/types\/post"}],"author":[{"embeddable":true,"href":"https:\/\/www.sahra-damus.de\/wordpress\/wp-json\/wp\/v2\/users\/1"}],"replies":[{"embeddable":true,"href":"https:\/\/www.sahra-damus.de\/wordpress\/wp-json\/wp\/v2\/comments?post=1181"}],"version-history":[{"count":12,"href":"https:\/\/www.sahra-damus.de\/wordpress\/wp-json\/wp\/v2\/posts\/1181\/revisions"}],"predecessor-version":[{"id":1201,"href":"https:\/\/www.sahra-damus.de\/wordpress\/wp-json\/wp\/v2\/posts\/1181\/revisions\/1201"}],"wp:attachment":[{"href":"https:\/\/www.sahra-damus.de\/wordpress\/wp-json\/wp\/v2\/media?parent=1181"}],"wp:term":[{"taxonomy":"category","embeddable":true,"href":"https:\/\/www.sahra-damus.de\/wordpress\/wp-json\/wp\/v2\/categories?post=1181"},{"taxonomy":"post_tag","embeddable":true,"href":"https:\/\/www.sahra-damus.de\/wordpress\/wp-json\/wp\/v2\/tags?post=1181"}],"curies":[{"name":"wp","href":"https:\/\/api.w.org\/{rel}","templated":true}]}}