{"id":121,"date":"2020-03-30T10:03:53","date_gmt":"2020-03-30T10:03:53","guid":{"rendered":"https:\/\/www.sahra-damus.de\/wordpress?p=121"},"modified":"2020-04-07T07:09:04","modified_gmt":"2020-04-07T07:09:04","slug":"hilfsangebote-und-unterstuetzung-lokaler-landwirte","status":"publish","type":"post","link":"https:\/\/www.sahra-damus.de\/wordpress\/hilfsangebote-und-unterstuetzung-lokaler-landwirte\/","title":{"rendered":"Hilfsangebote und Unterst\u00fctzung lokaler Landwirte"},"content":{"rendered":"<p class=\"bodytext\"><img loading=\"lazy\" decoding=\"async\" class=\" wp-image-122 alignright\" src=\"https:\/\/www.sahra-damus.de\/wordpresswp-content\/uploads\/2020\/04\/apple-3697537_1280-300x200.jpg\" alt=\"\" width=\"331\" height=\"220\" srcset=\"https:\/\/www.sahra-damus.de\/wordpress\/wp-content\/uploads\/2020\/04\/apple-3697537_1280-300x200.jpg 300w, https:\/\/www.sahra-damus.de\/wordpress\/wp-content\/uploads\/2020\/04\/apple-3697537_1280-1024x682.jpg 1024w, https:\/\/www.sahra-damus.de\/wordpress\/wp-content\/uploads\/2020\/04\/apple-3697537_1280-768x512.jpg 768w, https:\/\/www.sahra-damus.de\/wordpress\/wp-content\/uploads\/2020\/04\/apple-3697537_1280.jpg 1280w\" sizes=\"auto, (max-width: 331px) 100vw, 331px\" \/>Landwirte sowie Obst- und Gartenbeuer*innen sind von der Corona-Pandemie stark betroffen. Die Frankfurter Landwirte und Obstbauer*innen wiesen auf den dringenden Bedarf an Saisonarbeitskr\u00e4ften hinsichtlich des Einreiseverbots f\u00fcr Erntehelfer*innen aus dem Nachbarland Polen hin.<\/p>\n<p class=\"bodytext\">Auf verschiedenen Internetplattformen k\u00f6nnen Aufrufen f\u00fcr Hilfskr\u00e4fte sowie Angebote zur Aushilfe eingestellt werden. Einige davon sind:<\/p>\n<ul>\n<li>Regionales:\u00a0<a href=\"https:\/\/www.land-arbeit.com\/\" target=\"_blank\" rel=\"noopener noreferrer\">www.land-arbeit.com<\/a><\/li>\n<li>BMEL-Hilferuf:\u00a0<a href=\"https:\/\/www.daslandhilft.de\/\" target=\"_blank\" rel=\"noopener noreferrer\">www.daslandhilft.de<br \/>\n<\/a><\/li>\n<li>Allgemein:\u00a0<a href=\"https:\/\/www.saisonarbeit-in-deutschland.de\/\/\" target=\"_blank\" rel=\"noopener noreferrer\">www.saisonarbeit-in-deutschland.de\/\/<\/a><\/li>\n<\/ul>\n<p class=\"bodytext\">Neben der direkten Hilfe, ist der Einkauf von regionalen Lebensmitteln wichtiger denn je, damit lokale Landwirte wirtschaftlich gesund durch die Krise kommen. Deswegen Besuche bei Bauernhofladen oder Eink\u00e4ufe auf den Wochenm\u00e4rkten sind heute sehr wichtig!<\/p>\n<p>&nbsp;<\/p>\n","protected":false},"excerpt":{"rendered":"<p>Landwirte sowie Obst- und Gartenbeuer*innen sind von der Corona-Pandemie stark betroffen. Die Frankfurter Landwirte und Obstbauer*innen wiesen auf den dringenden Bedarf an Saisonarbeitskr\u00e4ften hinsichtlich des Einreiseverbots f\u00fcr Erntehelfer*innen aus dem [&hellip;]<\/p>\n","protected":false},"author":1,"featured_media":0,"comment_status":"open","ping_status":"open","sticky":false,"template":"","format":"standard","meta":{"footnotes":""},"categories":[11],"tags":[],"class_list":["post-121","post","type-post","status-publish","format-standard","hentry","category-corona-pandemie"],"_links":{"self":[{"href":"https:\/\/www.sahra-damus.de\/wordpress\/wp-json\/wp\/v2\/posts\/121","targetHints":{"allow":["GET"]}}],"collection":[{"href":"https:\/\/www.sahra-damus.de\/wordpress\/wp-json\/wp\/v2\/posts"}],"about":[{"href":"https:\/\/www.sahra-damus.de\/wordpress\/wp-json\/wp\/v2\/types\/post"}],"author":[{"embeddable":true,"href":"https:\/\/www.sahra-damus.de\/wordpress\/wp-json\/wp\/v2\/users\/1"}],"replies":[{"embeddable":true,"href":"https:\/\/www.sahra-damus.de\/wordpress\/wp-json\/wp\/v2\/comments?post=121"}],"version-history":[{"count":2,"href":"https:\/\/www.sahra-damus.de\/wordpress\/wp-json\/wp\/v2\/posts\/121\/revisions"}],"predecessor-version":[{"id":124,"href":"https:\/\/www.sahra-damus.de\/wordpress\/wp-json\/wp\/v2\/posts\/121\/revisions\/124"}],"wp:attachment":[{"href":"https:\/\/www.sahra-damus.de\/wordpress\/wp-json\/wp\/v2\/media?parent=121"}],"wp:term":[{"taxonomy":"category","embeddable":true,"href":"https:\/\/www.sahra-damus.de\/wordpress\/wp-json\/wp\/v2\/categories?post=121"},{"taxonomy":"post_tag","embeddable":true,"href":"https:\/\/www.sahra-damus.de\/wordpress\/wp-json\/wp\/v2\/tags?post=121"}],"curies":[{"name":"wp","href":"https:\/\/api.w.org\/{rel}","templated":true}]}}