{"id":1256,"date":"2022-05-19T14:10:43","date_gmt":"2022-05-19T14:10:43","guid":{"rendered":"https:\/\/www.sahra-damus.de\/wordpress\/?p=1256"},"modified":"2022-07-11T14:24:17","modified_gmt":"2022-07-11T14:24:17","slug":"kleine-anfrage-eroeffnung-von-bankkonten-durch-gefluechtete-bei-der-mbs","status":"publish","type":"post","link":"https:\/\/www.sahra-damus.de\/wordpress\/kleine-anfrage-eroeffnung-von-bankkonten-durch-gefluechtete-bei-der-mbs\/","title":{"rendered":"Kleine Anfrage: Er\u00f6ffnung von Bankkonten durch Gefl\u00fcchtete bei der MBS"},"content":{"rendered":"<p>Mir liegen Berichte vor, wonach es f\u00fcr ukrainische Fl\u00fcchtlinge, die einen Pass, der nur in<br \/>\nkyrillisch ausgestellt ist, zu Problemen mit der Kontoer\u00f6ffnung bei der Mittelbrandenburgi-<br \/>\nschen Sparkasse kommt, da keine ausreichende Identifizierung m\u00f6glich sei. Dazu habe ich bei der Landesregierung nachgefragt.<br \/>\n<!--more--><!--noteaser--><\/p>\n<p>Mir liegen Berichte vor, wonach es f\u00fcr ukrainische Fl\u00fcchtlinge, die einen Pass, der nur in<br \/>\nkyrillisch ausgestellt ist, zu Problemen mit der Kontoer\u00f6ffnung bei der Mittelbrandenburgi-<br \/>\nschen Sparkasse kommt, da keine ausreichende Identifizierung m\u00f6glich sei.<br \/>\nDie ukrainische Botschaft in Berlin ist derzeit nicht in der Lage, neuere zweisprachige Aus-<br \/>\nweispapiere auszustellen.<br \/>\nNach \u00a7 5 der Verordnung \u00fcber die Gesch\u00e4fte und die Verwaltung der Sparkassen ist die<br \/>\nSparkasse jedoch verpflichtet, &#8220;f\u00fcr nat\u00fcrliche Personen mit Wohnsitz im Gesch\u00e4ftsgebiet<br \/>\nauf Antrag Girokonten zur Entgegennahme von Einlagen zu f\u00fchren&#8221;.<br \/>\nIch frage die Landesregierung:<\/p>\n<p>1. In welchen Sparkassen im Land Brandenburg k\u00f6nnen Personen mit kyrillischsprachi-<br \/>\ngem Pass ein Konto er\u00f6ffnen bzw. bei welchen Sparkassen ist dies bisher nicht m\u00f6g-<br \/>\nlich.<\/p>\n<p>2. Wird das Vorgehen der MBS (insbesondere im Hinblick auf \u00a7 5 SpkV, \u00a7 38 ZKG und<br \/>\n\u00a7 12 GWG) als rechtm\u00e4\u00dfig und zweckm\u00e4\u00dfig eingesch\u00e4tzt?<\/p>\n<p>3. Wie kann erreicht werden, dass gefl\u00fcchtete Personen, die noch keine (ausreichenden)<br \/>\nIdentifikationspapiere besitzen, ein Konto er\u00f6ffnen k\u00f6nnen?<\/p>\n<p>&nbsp;<\/p>\n<p><a href=\"https:\/\/www.parlamentsdokumentation.brandenburg.de\/starweb\/LBB\/ELVIS\/parladoku\/w7\/drs\/ab_5600\/5604.pdf\">&#8211;&gt; Antwort der Landesregierung<\/a><\/p>\n","protected":false},"excerpt":{"rendered":"<p>Mir liegen Berichte vor, wonach es f\u00fcr ukrainische Fl\u00fcchtlinge, die einen Pass, der nur in kyrillisch ausgestellt ist, zu Problemen mit der Kontoer\u00f6ffnung bei der Mittelbrandenburgi- schen Sparkasse kommt, da [&hellip;]<\/p>\n","protected":false},"author":1,"featured_media":0,"comment_status":"open","ping_status":"open","sticky":false,"template":"","format":"standard","meta":{"footnotes":""},"categories":[13,8,1],"tags":[],"class_list":["post-1256","post","type-post","status-publish","format-standard","hentry","category-anfragen","category-imlandtag","category-uncategorized"],"_links":{"self":[{"href":"https:\/\/www.sahra-damus.de\/wordpress\/wp-json\/wp\/v2\/posts\/1256","targetHints":{"allow":["GET"]}}],"collection":[{"href":"https:\/\/www.sahra-damus.de\/wordpress\/wp-json\/wp\/v2\/posts"}],"about":[{"href":"https:\/\/www.sahra-damus.de\/wordpress\/wp-json\/wp\/v2\/types\/post"}],"author":[{"embeddable":true,"href":"https:\/\/www.sahra-damus.de\/wordpress\/wp-json\/wp\/v2\/users\/1"}],"replies":[{"embeddable":true,"href":"https:\/\/www.sahra-damus.de\/wordpress\/wp-json\/wp\/v2\/comments?post=1256"}],"version-history":[{"count":4,"href":"https:\/\/www.sahra-damus.de\/wordpress\/wp-json\/wp\/v2\/posts\/1256\/revisions"}],"predecessor-version":[{"id":1264,"href":"https:\/\/www.sahra-damus.de\/wordpress\/wp-json\/wp\/v2\/posts\/1256\/revisions\/1264"}],"wp:attachment":[{"href":"https:\/\/www.sahra-damus.de\/wordpress\/wp-json\/wp\/v2\/media?parent=1256"}],"wp:term":[{"taxonomy":"category","embeddable":true,"href":"https:\/\/www.sahra-damus.de\/wordpress\/wp-json\/wp\/v2\/categories?post=1256"},{"taxonomy":"post_tag","embeddable":true,"href":"https:\/\/www.sahra-damus.de\/wordpress\/wp-json\/wp\/v2\/tags?post=1256"}],"curies":[{"name":"wp","href":"https:\/\/api.w.org\/{rel}","templated":true}]}}