{"id":127,"date":"2020-03-25T07:09:14","date_gmt":"2020-03-25T07:09:14","guid":{"rendered":"https:\/\/www.sahra-damus.de\/wordpress?p=127"},"modified":"2020-04-07T07:11:42","modified_gmt":"2020-04-07T07:11:42","slug":"soforthilfe-fuer-kulturschaffende","status":"publish","type":"post","link":"https:\/\/www.sahra-damus.de\/wordpress\/soforthilfe-fuer-kulturschaffende\/","title":{"rendered":"Soforthilfe f\u00fcr Kulturschaffende"},"content":{"rendered":"<p><img loading=\"lazy\" decoding=\"async\" class=\" wp-image-29 aligncenter\" src=\"https:\/\/www.sahra-damus.de\/wordpresswp-content\/uploads\/2020\/04\/SharePic-Kultur-in-Corona-Krise-300x150.png\" alt=\"\" width=\"694\" height=\"347\" srcset=\"https:\/\/www.sahra-damus.de\/wordpress\/wp-content\/uploads\/2020\/04\/SharePic-Kultur-in-Corona-Krise-300x150.png 300w, https:\/\/www.sahra-damus.de\/wordpress\/wp-content\/uploads\/2020\/04\/SharePic-Kultur-in-Corona-Krise-1024x512.png 1024w, https:\/\/www.sahra-damus.de\/wordpress\/wp-content\/uploads\/2020\/04\/SharePic-Kultur-in-Corona-Krise-768x384.png 768w, https:\/\/www.sahra-damus.de\/wordpress\/wp-content\/uploads\/2020\/04\/SharePic-Kultur-in-Corona-Krise-1536x767.png 1536w, https:\/\/www.sahra-damus.de\/wordpress\/wp-content\/uploads\/2020\/04\/SharePic-Kultur-in-Corona-Krise-2048x1023.png 2048w\" sizes=\"auto, (max-width: 694px) 100vw, 694px\" \/><\/p>\n<p>Die kulturpolitischen Sprecher*innen der Koalitionsfraktionen von SPD, CDU und B\u00dcNDNIS 90\/DIE GR\u00dcNEN ermuntern Kulturschaffende und Kulturbetriebe ausdr\u00fccklich, sich auf die heute gestartete Soforthilfe f\u00fcr Unternehmen und Freischaffende des Landes Brandenburg in H\u00f6he von zun\u00e4chst 7,5 Mio. Euro zu bewerben. Die Mittel sind bei der Investitionsbank Brandenburg (ILB) zu beantragen. Weitere Unterst\u00fctzung f\u00fcr Kultureinrichtungen durch die Landesregierung ist zugesagt: So werden landesgef\u00f6rderte Kultureinrichtungen selbstverst\u00e4ndlich weiterhin gef\u00f6rdert. Sowohl die institutionelle F\u00f6rderung als auch die bereits bewilligte Projektf\u00f6rderung l\u00e4uft weiter, auch wenn Veranstaltungen aufgrund des Corona-Virus ausfallen. Weitere Hilfsangebote werden gerade zwischen dem Land und dem Bund abgestimmt. \u00dcber diese F\u00f6rderm\u00f6glichkeiten werden weitere Informationen in den n\u00e4chsten Tagen und Wochen folgen.<\/p>\n<p>Ludwig Scheetz, kulturpolitischer Sprecher der SPD-Fraktion, sagt: &#8220;In den letzten Jahren hat sich die Kultur- und K\u00fcnstlerszene in Brandenburg gut entwickelt. Das darf jetzt in Krisenzeiten nicht zusammenbrechen. Das Sofortprogramm und der geplante Rettungsschirm sind daher gerade f\u00fcr diejenigen, die in der Szene mit dem Lockdown besonders zu k\u00e4mpfen haben &#8211; ob es staatlich subventioniertes Theater, Programmkino oder Rockfestival ist. F\u00fcr uns ist es wichtig, dass wir f\u00fcr Kulturschaffende und Kreative jetzt da sind und helfen. Sie sind f\u00fcr Brandenburg und unser kulturelles Leben unerl\u00e4sslich. Kultur f\u00f6rdert in allen Regionen des Landes den Austausch und den Zusammenhalt, deshalb werden wir sie gerade in dieser Krisensituation weiter unterst\u00fctzen.&#8221;<\/p>\n<p>Julian Br\u00fcning, kulturpolitischer Sprecher der CDU-Fraktion, sagt: &#8220;Eine Blitzumfrage zum Corona-Virus-Krisenfall durch die LAG Soziokultur unter Festivalbetreibern in Brandenburg hat ergeben, dass wir f\u00fcr 2020 mit einem Schaden in H\u00f6he von 9,3 Mio. Euro rechnen m\u00fcssen. Auch alle anderen Kunst- und Kulturschaffenden sind in extremen Ausma\u00df von der Corona-Krise betroffen, f\u00fcr viele geht es um die Existenz. Insbesondere freie K\u00fcnstler, die von ihren Auftritten und Auftr\u00e4gen leben, stehen vor dem Nichts.\u00a0 Auch Unternehmen, Vereine oder private Initiativen m\u00fcssen sich damit auseinandersetzen, wie sie die aktuelle Situation \u00fcberstehen sollen. Landtag und Landesregierung haben reagiert und senden das klare Signal an alle Betroffenen, dass die Gesellschaft sie nicht allein l\u00e4sst. Durch das Sofortprogramm und den Rettungsschirm in H\u00f6he von einer Milliarde Euro beweist das Land Handlungsf\u00e4higkeit und \u00fcbernimmt Verantwortung, um auch die Kunst- und Kulturszene in Brandenburg unb\u00fcrokratisch und flexibel zu unterst\u00fctzen und zu sch\u00fctzen.&#8221;<\/p>\n<p>Sahra Damus, kulturpolitische Sprecherin der Fraktion B\u00dcNDNIS 90\/DIE GR\u00dcNEN, sagt: &#8220;Gerade wenn Kultur ausf\u00e4llt, merken wir, wie sehr sie unser Leben sonst bereichert. Kultur ist kein Luxus, sondern bedeutet Bildung, Teilhabe und Zusammenkommen von Menschen. Und f\u00fcr viele sichert sie auch den Lebensunterhalt. Wir brauchen unkomplizierte Hilfen f\u00fcr K\u00fcnstler*innen und Kulturschaffende, egal ob sie als Festangestellte, Selbst\u00e4ndige oder Honorarkr\u00e4fte arbeiten. Land und Bund stimmen sich dazu gerade eng ab, wie das am besten gelingen kann. Wir bitten alle, deren Arbeit oder Angebote gef\u00e4hrdet sind, jetzt die Beratung und F\u00f6rderung zu nutzen.&#8221;<\/p>\n<p>Heute werden sich die Abgeordneten im Ausschuss f\u00fcr Wissenschaft, Forschung und Kultur, der als Telefonkonferenz tagt, intensiv mit Kulturministerin Manja Sch\u00fcle (SPD) zu bereitstehenden und zuk\u00fcnftigen Nothilfen f\u00fcr Kultureinrichtungen und Kulturschaffende im Land Brandenburg beraten.<\/p>\n<h2>Weiterf\u00fchrende Informationen<\/h2>\n<p><a class=\"external-link-new-window\" title=\"Opens internal link in current window\" href=\"https:\/\/mwfk.brandenburg.de\/mwfk\/de\/ministerium\/umgang-mit-corona-pandemie\/\" target=\"_blank\" rel=\"noopener noreferrer\">&gt;&gt; Aktuelle Infos f\u00fcr Kulturschaffende auf der Website des Ministeriums f\u00fcr Wissenschaft, Forschung und Kultur<\/a><\/p>\n<p><a class=\"external-link-new-window\" title=\"Opens internal link in current window\" href=\"https:\/\/www.ilb.de\/de\/covid-19-aktuelle-informationen\/aktuelle-unterstuetzungsangebote\/\" target=\"_blank\" rel=\"noopener noreferrer\">&gt;&gt; Informationen zu den Nothilfe-F\u00f6rderprogrammen der ILB<\/a><\/p>\n","protected":false},"excerpt":{"rendered":"<p>Die kulturpolitischen Sprecher*innen der Koalitionsfraktionen von SPD, CDU und B\u00dcNDNIS 90\/DIE GR\u00dcNEN ermuntern Kulturschaffende und Kulturbetriebe ausdr\u00fccklich, sich auf die heute gestartete Soforthilfe f\u00fcr Unternehmen und Freischaffende des Landes Brandenburg [&hellip;]<\/p>\n","protected":false},"author":1,"featured_media":0,"comment_status":"open","ping_status":"open","sticky":false,"template":"","format":"standard","meta":{"footnotes":""},"categories":[7],"tags":[],"class_list":["post-127","post","type-post","status-publish","format-standard","hentry","category-pressemitteilungen"],"_links":{"self":[{"href":"https:\/\/www.sahra-damus.de\/wordpress\/wp-json\/wp\/v2\/posts\/127","targetHints":{"allow":["GET"]}}],"collection":[{"href":"https:\/\/www.sahra-damus.de\/wordpress\/wp-json\/wp\/v2\/posts"}],"about":[{"href":"https:\/\/www.sahra-damus.de\/wordpress\/wp-json\/wp\/v2\/types\/post"}],"author":[{"embeddable":true,"href":"https:\/\/www.sahra-damus.de\/wordpress\/wp-json\/wp\/v2\/users\/1"}],"replies":[{"embeddable":true,"href":"https:\/\/www.sahra-damus.de\/wordpress\/wp-json\/wp\/v2\/comments?post=127"}],"version-history":[{"count":2,"href":"https:\/\/www.sahra-damus.de\/wordpress\/wp-json\/wp\/v2\/posts\/127\/revisions"}],"predecessor-version":[{"id":129,"href":"https:\/\/www.sahra-damus.de\/wordpress\/wp-json\/wp\/v2\/posts\/127\/revisions\/129"}],"wp:attachment":[{"href":"https:\/\/www.sahra-damus.de\/wordpress\/wp-json\/wp\/v2\/media?parent=127"}],"wp:term":[{"taxonomy":"category","embeddable":true,"href":"https:\/\/www.sahra-damus.de\/wordpress\/wp-json\/wp\/v2\/categories?post=127"},{"taxonomy":"post_tag","embeddable":true,"href":"https:\/\/www.sahra-damus.de\/wordpress\/wp-json\/wp\/v2\/tags?post=127"}],"curies":[{"name":"wp","href":"https:\/\/api.w.org\/{rel}","templated":true}]}}