{"id":1320,"date":"2020-08-26T19:06:37","date_gmt":"2020-08-26T19:06:37","guid":{"rendered":"https:\/\/www.sahra-damus.de\/wordpress\/?p=1320"},"modified":"2022-09-20T09:09:16","modified_gmt":"2022-09-20T09:09:16","slug":"meine-rede-zum-gesetz-zur-aenderung-des-brandenburgischen-hochschulgesetzes","status":"publish","type":"post","link":"https:\/\/www.sahra-damus.de\/wordpress\/meine-rede-zum-gesetz-zur-aenderung-des-brandenburgischen-hochschulgesetzes\/","title":{"rendered":"Meine Rede zum Gesetz zur \u00c4nderung des Brandenburgischen Hochschulgesetzes"},"content":{"rendered":"<p>Das letzte Semester war ein krasser Einschnitt. Drei Viertel der Studierenden arbeiten neben dem Studium. Und ebenfalls drei Viertel werden zus\u00e4tzlich von ihren Eltern unterst\u00fctzt.<br \/>\nBeides war in Corona-Zeiten oft nicht m\u00f6glich: Studierende verloren ihre Jobs. Teils ging das auch ihren Eltern so oder sie waren in Kurzarbeit und konnten nicht mehr unterst\u00fctzen.<br \/>\nVom Lockdown waren auch die Hochschulen erfasst und die Lehre hat sich in den digitalen Raum verlagert. Daf\u00fcr hat das MWFK dankenswerterweise schnell finanzielle Unterst\u00fctzung bereitgestellt. Aber nicht alles kann man digital ersetzen. Seminare und Pr\u00fcfungen fielen aus oder wurden verschoben.<br \/>\nF\u00fcr viele wird es deswegen nicht m\u00f6glich sein, die Regelstudienzeit einzuhalten. Im schlimmsten Fall kann das zu Exmatrikulationen f\u00fchren oder zum Verlust des BAf\u00f6G-Anspruchs.<!--more--><!--noteaser-->&#8211; Es gilt das gesprochene Wort!<\/p>\n<p>Sehr geehrte Frau Pr\u00e4sidentin,<\/p>\n<p>Liebe Kolleg*innen,<\/p>\n<p>Werte G\u00e4ste,<\/p>\n<p>Das letzte Semester war ein krasser Einschnitt. Drei Viertel der Studierenden arbeiten neben dem Studium. Und ebenfalls drei Viertel werden zus\u00e4tzlich von ihren Eltern unterst\u00fctzt.<\/p>\n<p>Beides war in Corona-Zeiten oft nicht m\u00f6glich: Studierende verloren ihre Jobs. Teils ging das auch ihren Eltern so oder sie waren in Kurzarbeit und konnten nicht mehr unterst\u00fctzen.<\/p>\n<p>Vom Lockdown waren auch die Hochschulen erfasst und die Lehre hat sich in den digitalen Raum verlagert. Daf\u00fcr hat das MWFK dankenswerterweise schnell finanzielle Unterst\u00fctzung bereitgestellt. Aber nicht alles kann man digital ersetzen. Seminare und Pr\u00fcfungen fielen aus oder wurden verschoben.<br \/>\nF\u00fcr viele wird es deswegen nicht m\u00f6glich sein, die Regelstudienzeit einzuhalten. Im schlimmsten Fall kann das zu Exmatrikulationen f\u00fchren oder zum Verlust des BAf\u00f6G-Anspruchs.<\/p>\n<p>Die Brandenburgische Studierendenvertretung hat sich deswegen mit der Bitte ans MWFK gewandt, das Sommersemester nicht auf die Regelstudienzeit anzurechnen. Das MWFK war gleich offen daf\u00fcr und wir haben uns in der Koalition zu Beginn der Sommerpause verst\u00e4ndigt, eine gesetzliche L\u00f6sung auf den Weg zu bringen. Mit der vorgesehenen Verordnungserm\u00e4chtigung kann das MWFK im Falle einer Notlage auch im n\u00e4chsten Semester flexibel mit der Regelstudienzeit aber auch mit Pr\u00fcfungen und Sitzungen umgehen.<\/p>\n<p>Klar ist aber auch, es braucht weitere Unterst\u00fctzung, damit Studierende unbeschadet durch die Krise kommen. Und zwar vom Bund. Der ist n\u00e4mlich f\u00fcr die Studienfinanzierung zust\u00e4ndig. Die Brandenburgische Studierentenvertretung hat uns das im letzten Ausschuss noch mal eindringlich vor Augen gef\u00fchrt. Die unzureichende Nothilfe des Bundes treibt Studierende reihenweise in Studienkredite oder gar in den Studienabbruch. Schulden sind aber das letzte, was Studierende jetzt brauchen.<\/p>\n<p>Dank unseres Beschlusses wird das Land hier zwar die schlimmsten Notlagen abmildern, aber eigentlich ist der Bund am Zug.<\/p>\n<p>Da ist es blanker Hohn, dass das Bundesbildungsministerium die Nothilfen um lediglich einen Monat verl\u00e4ngert und dies auch noch auf seine Webseite mit einer Gruppe lachender, sorgenfreier Studierender bebildert, die anscheinend im Pr\u00e4senzbetrieb studieren und nat\u00fcrlich keine Abstandsregelungen einhalten. Stellt sich die Bundesbildungsministerin so die Lebensrealit\u00e4t von Studierenden vor? Da kann ich nur sagen: Das geht sauber an der Wirklichkeit vorbei. Die Nothilfen sind ein B\u00fcrokratiemonster und in \u00fcber 50% der F\u00e4lle wird abgelehnt. Unsere Studierendenwerke bem\u00fchen sich redlich, das gut und mit Augenma\u00df umzusetzen, aber sie sind ja an die Vorgaben des Bundes gebunden und k\u00f6nnen die Kriterien nicht beeinflussen.<\/p>\n<p>Mit dieser Gesetzes\u00e4nderung machen wir also erneut unsere Hausaufgaben im Land. Und wir fordern den Bund auf, endlich seine Hausaufgaben bei der Studienfinanzierung zu machen. Durch Vereinfachung und Ausweitung der Nothilfen.<\/p>\n","protected":false},"excerpt":{"rendered":"<p>Das letzte Semester war ein krasser Einschnitt. Drei Viertel der Studierenden arbeiten neben dem Studium. Und ebenfalls drei Viertel werden zus\u00e4tzlich von ihren Eltern unterst\u00fctzt. Beides war in Corona-Zeiten oft [&hellip;]<\/p>\n","protected":false},"author":1,"featured_media":0,"comment_status":"open","ping_status":"open","sticky":false,"template":"","format":"standard","meta":{"footnotes":""},"categories":[8,9],"tags":[],"class_list":["post-1320","post","type-post","status-publish","format-standard","hentry","category-imlandtag","category-meine_reden"],"_links":{"self":[{"href":"https:\/\/www.sahra-damus.de\/wordpress\/wp-json\/wp\/v2\/posts\/1320","targetHints":{"allow":["GET"]}}],"collection":[{"href":"https:\/\/www.sahra-damus.de\/wordpress\/wp-json\/wp\/v2\/posts"}],"about":[{"href":"https:\/\/www.sahra-damus.de\/wordpress\/wp-json\/wp\/v2\/types\/post"}],"author":[{"embeddable":true,"href":"https:\/\/www.sahra-damus.de\/wordpress\/wp-json\/wp\/v2\/users\/1"}],"replies":[{"embeddable":true,"href":"https:\/\/www.sahra-damus.de\/wordpress\/wp-json\/wp\/v2\/comments?post=1320"}],"version-history":[{"count":2,"href":"https:\/\/www.sahra-damus.de\/wordpress\/wp-json\/wp\/v2\/posts\/1320\/revisions"}],"predecessor-version":[{"id":1322,"href":"https:\/\/www.sahra-damus.de\/wordpress\/wp-json\/wp\/v2\/posts\/1320\/revisions\/1322"}],"wp:attachment":[{"href":"https:\/\/www.sahra-damus.de\/wordpress\/wp-json\/wp\/v2\/media?parent=1320"}],"wp:term":[{"taxonomy":"category","embeddable":true,"href":"https:\/\/www.sahra-damus.de\/wordpress\/wp-json\/wp\/v2\/categories?post=1320"},{"taxonomy":"post_tag","embeddable":true,"href":"https:\/\/www.sahra-damus.de\/wordpress\/wp-json\/wp\/v2\/tags?post=1320"}],"curies":[{"name":"wp","href":"https:\/\/api.w.org\/{rel}","templated":true}]}}