{"id":138,"date":"2020-03-20T09:00:05","date_gmt":"2020-03-20T09:00:05","guid":{"rendered":"https:\/\/www.sahra-damus.de\/wordpress?p=138"},"modified":"2020-04-07T07:29:36","modified_gmt":"2020-04-07T07:29:36","slug":"corona-krise-an-der-dt-pl-grenze-bevorzugte-abfertigung-fuer-lkws-mit-lebenden-tieren","status":"publish","type":"post","link":"https:\/\/www.sahra-damus.de\/wordpress\/corona-krise-an-der-dt-pl-grenze-bevorzugte-abfertigung-fuer-lkws-mit-lebenden-tieren\/","title":{"rendered":"Corona-Krise an der dt.-pl. Grenze: bevorzugte Abfertigung f\u00fcr LKWs mit lebenden Tieren"},"content":{"rendered":"<p>Gemeinsame Pressemitteilung \/ Wsp\u00f3lne o\u015bwiadczenie prasowe<\/p>\n<div id=\"attachment_139\" style=\"width: 343px\" class=\"wp-caption alignright\"><img loading=\"lazy\" decoding=\"async\" aria-describedby=\"caption-attachment-139\" class=\" wp-image-139\" src=\"https:\/\/www.sahra-damus.de\/wordpresswp-content\/uploads\/2020\/04\/empty-winding-road-under-blue-sky-1830557-2-225x300.jpg\" alt=\"\" width=\"333\" height=\"444\" \/><p id=\"caption-attachment-139\" class=\"wp-caption-text\">Foto von wendel moretti (Pexels)<\/p><\/div>\n<p>vom Gr\u00fcnen Sejm-Abgeordneten Tomasz Ani\u015bko und der B\u00fcndnisgr\u00fcnen Landtagsabgeordneten Sahra Damus \/od przedstawiciela Partii Zieloni, pos\u0142a na Sejm RP Tomasza Ani\u015bko oraz przedstawicielki niemieckich Zielonych, pos\u0142anki do Landtagu Sahry Damus<\/p>\n<p>Besorgte B\u00fcrger*innen auf polnischer und deutscher Seite wendeten sich mit Fragen nach LKWs mit lebenden Tieren in den Grenzstaus an den Gr\u00fcnen Sejm-Abgeordneten Tomasz Anisko und an die B\u00fcndnisgr\u00fcne Landtagsabgeordnete Sahra Damus. Beide wendeten sich an ihre jeweiligen Beh\u00f6rden im Gemeinsamen Zentrum f\u00fcr Polizei- und Zollzusammenarbeit und erkundigten sich nach der aktuellen Situation und fragten, ob Tierleid entsteht. Nach Auskunft der Beh\u00f6rden gibt es aktuell keine LKWs mit lebenden Tieren im R\u00fcckstau auf deutscher Seite. Am Stauende achten Mitarbeitende von Zoll und Bundespolizei darauf, dass LKWs mit lebenden Tieren und verderblicher Ware zum Grenz\u00fcbergang Gubinek geleitet werden, der gestern f\u00fcr eine bevorzugte Abfertigung dieser LKWs er\u00f6ffnet wurde.<\/p>\n<p>Tomasz Anisko: &#8220;Ich freue mich, dass die Beh\u00f6rden endlich eine bevorzugte Abfertigung f\u00fcr LKWs mit lebenden Tieren eingerichtet haben. Auch wenn wir mit der Corona-Krise vor gro\u00dfen Herausforderungen f\u00fcr uns Menschen stehen, d\u00fcrfen wir die Tiere nicht vergessen.&#8221;<\/p>\n<p>Sahra Damus: &#8220;Das Gemeinsame Zentrum der deutsch-polnischen Polizei- und Zollzusammenarbeit in Swiecko bew\u00e4hrt sich wieder einmal. Wir haben erfahren, dass die deutsch-polnischen Zusammenarbeit auch in diesen Krisenzeiten jetzt gut funktioniert.&#8221;<\/p>\n<p>Zaniepokojeni obywatele i obywatelki Polski i Niemiec, zwr\u00f3cili si\u0119 z pytaniami do przedstawiciela Partii Zieloni, pos\u0142a na Sejm RP Tomasza Ani\u015bko oraz niemieckiej przedstawicielki B\u00dcNDNIS 90\/DIE GR\u00dcNEN, pos\u0142anki do Landtagu Sahry Damus, o transporty z \u017cywymi zwierz\u0119tami, kt\u00f3re utkn\u0119\u0142y w korkach na granicy.<br \/>\nObie strony skontaktowa\u0142y si\u0119 z odpowiednimi s\u0142u\u017cbami i zapyta\u0142y o obecn\u0105 sytuacj\u0119 cierpi\u0105cych na granicy zwierz\u0105t. Wed\u0142ug w\u0142adz po niemieckiej stronie nie ma obecnie ci\u0119\u017car\u00f3wek z \u017cywymi zwierz\u0119tami. Na ko\u0144cu tworz\u0105cego si\u0119 korka urz\u0119dnicy celni monitoruj\u0105 ci\u0119\u017car\u00f3wki i przekierowuj\u0105 te z \u017cywymi zwierz\u0119tami oraz szybko psuj\u0105cymi si\u0119 towarami na &#8211; otwarte wczoraj, tj. 18.03.2020 &#8211; dedykowane przej\u015bcie graniczne w Gubinku.<\/p>\n<p>Tomasz Ani\u015bko: \u201eCiesz\u0119 si\u0119, \u017ce w\u0142adze w ko\u0144cu wprowadzi\u0142y procedury i uruchomi\u0142y dodatkowe przej\u015bcie graniczne dla ci\u0119\u017car\u00f3wek z \u017cywymi zwierz\u0119tami. Jako ludzko\u015b\u0107 i spo\u0142ecze\u0144stwo, stoimy obecnie przed powa\u017cnymi wyzwaniami. Nie mo\u017cemy jednak w tym czasie zapomina\u0107 o zwierz\u0119tach\u201d.<\/p>\n<p>Sahra Damus: \u201eWsp\u00f3lne centrum niemiecko-polskiej wsp\u00f3\u0142pracy policyjnej i celnej w \u015awiecku po raz kolejny dowiod\u0142o swojej warto\u015bci. Dowiedzieli\u015bmy si\u0119, \u017ce niemiecko-polska wsp\u00f3\u0142praca dzia\u0142a dobrze nawet w czasach kryzysu\u201d.<\/p>\n","protected":false},"excerpt":{"rendered":"<p>Gemeinsame Pressemitteilung \/ Wsp\u00f3lne o\u015bwiadczenie prasowe vom Gr\u00fcnen Sejm-Abgeordneten Tomasz Ani\u015bko und der B\u00fcndnisgr\u00fcnen Landtagsabgeordneten Sahra Damus \/od przedstawiciela Partii Zieloni, pos\u0142a na Sejm RP Tomasza Ani\u015bko oraz przedstawicielki niemieckich [&hellip;]<\/p>\n","protected":false},"author":1,"featured_media":0,"comment_status":"open","ping_status":"open","sticky":false,"template":"","format":"standard","meta":{"footnotes":""},"categories":[11,7],"tags":[],"class_list":["post-138","post","type-post","status-publish","format-standard","hentry","category-corona-pandemie","category-pressemitteilungen"],"_links":{"self":[{"href":"https:\/\/www.sahra-damus.de\/wordpress\/wp-json\/wp\/v2\/posts\/138","targetHints":{"allow":["GET"]}}],"collection":[{"href":"https:\/\/www.sahra-damus.de\/wordpress\/wp-json\/wp\/v2\/posts"}],"about":[{"href":"https:\/\/www.sahra-damus.de\/wordpress\/wp-json\/wp\/v2\/types\/post"}],"author":[{"embeddable":true,"href":"https:\/\/www.sahra-damus.de\/wordpress\/wp-json\/wp\/v2\/users\/1"}],"replies":[{"embeddable":true,"href":"https:\/\/www.sahra-damus.de\/wordpress\/wp-json\/wp\/v2\/comments?post=138"}],"version-history":[{"count":2,"href":"https:\/\/www.sahra-damus.de\/wordpress\/wp-json\/wp\/v2\/posts\/138\/revisions"}],"predecessor-version":[{"id":141,"href":"https:\/\/www.sahra-damus.de\/wordpress\/wp-json\/wp\/v2\/posts\/138\/revisions\/141"}],"wp:attachment":[{"href":"https:\/\/www.sahra-damus.de\/wordpress\/wp-json\/wp\/v2\/media?parent=138"}],"wp:term":[{"taxonomy":"category","embeddable":true,"href":"https:\/\/www.sahra-damus.de\/wordpress\/wp-json\/wp\/v2\/categories?post=138"},{"taxonomy":"post_tag","embeddable":true,"href":"https:\/\/www.sahra-damus.de\/wordpress\/wp-json\/wp\/v2\/tags?post=138"}],"curies":[{"name":"wp","href":"https:\/\/api.w.org\/{rel}","templated":true}]}}