{"id":143,"date":"2020-03-08T08:00:10","date_gmt":"2020-03-08T08:00:10","guid":{"rendered":"https:\/\/www.sahra-damus.de\/wordpress?p=143"},"modified":"2020-04-07T07:42:40","modified_gmt":"2020-04-07T07:42:40","slug":"vier-neue-richtungsweiserinnen-in-frankfurt","status":"publish","type":"post","link":"https:\/\/www.sahra-damus.de\/wordpress\/vier-neue-richtungsweiserinnen-in-frankfurt\/","title":{"rendered":"Vier neue Richtungsweiserinnen in Frankfurt!"},"content":{"rendered":"<p><img loading=\"lazy\" decoding=\"async\" class=\" wp-image-144 aligncenter\" src=\"https:\/\/www.sahra-damus.de\/wordpresswp-content\/uploads\/2020\/04\/87453452_3569300966445964_8499144399316320256_o-300x176.jpg\" alt=\"\" width=\"545\" height=\"320\" srcset=\"https:\/\/www.sahra-damus.de\/wordpress\/wp-content\/uploads\/2020\/04\/87453452_3569300966445964_8499144399316320256_o-300x176.jpg 300w, https:\/\/www.sahra-damus.de\/wordpress\/wp-content\/uploads\/2020\/04\/87453452_3569300966445964_8499144399316320256_o-1024x599.jpg 1024w, https:\/\/www.sahra-damus.de\/wordpress\/wp-content\/uploads\/2020\/04\/87453452_3569300966445964_8499144399316320256_o-768x449.jpg 768w, https:\/\/www.sahra-damus.de\/wordpress\/wp-content\/uploads\/2020\/04\/87453452_3569300966445964_8499144399316320256_o-1536x899.jpg 1536w, https:\/\/www.sahra-damus.de\/wordpress\/wp-content\/uploads\/2020\/04\/87453452_3569300966445964_8499144399316320256_o.jpg 1923w\" sizes=\"auto, (max-width: 545px) 100vw, 545px\" \/><\/p>\n<p>Vier neue Stra\u00dfen werden in Frankfurt nach Frauen benannt. Es sind Frauen, die etwas besonderes f\u00fcr unsere Stadt und dar\u00fcber hinaus erreicht haben. Sie sind hier geboren, gingen hier zur Schule oder arbeiteten und engagierten sich hier.<\/p>\n<p>Eine K\u00e4mpferin f\u00fcrs Frauenwahlrecht, eine Schriftstellerin, eine K\u00fcnstlerin, eine Fotografin. Nur 9% der Personen auf unseren Stra\u00dfenschildern sind Frauen. Vor 4 Jahren habe ich zusammen mit anderen Frauen vorgeschlagen, daran etwas zu \u00e4ndern. Nun ist es endlich soweit: Auf der letzten Stadtverordnetenversammlung haben wir die Frauenstra\u00dfen beschlossen! Drei der Vorschl\u00e4ge stammen aus dem Projekt FrauenOrte (<a href=\"https:\/\/l.facebook.com\/l.php?u=http%3A%2F%2Fwww.frauenorte-ffo.de%2F%3Ffbclid%3DIwAR0OED6-513O1sdaoO2By2HgDpnP5VHDtVMxMymsrhEMT6E5o5nUV2LS7x8&amp;h=AT2WGZKJ7uGlElZ3vVLrJzl3QQu37RzwtYtetdRZjUJanFpeaUZDcdl3ZVmd9-IYT6dvrl_6kAMKtGRx38kkzm1Ih4DiU0Lry-Tejhby2RouGVvoRCtmHI4gCSvbr_dL0jdH9YPDtJINkZGSisy0EJh5cm_d0BQqskLHKVP6orAxPjIhmIjiDWakOFZOYtrN8Idu67DLOlpmc7TbXVRzKcuNNnOJeFi2xspy0Q3oTQOGM4IRTS1jfcp1QGDGBiVanzKdoTXfxk9gLVuaLKqIPMcmQtD5DAf9w3Njmavmpb_Ft2U7qbv-5C8xInYliKNvdF0j2PB3Ib4q8PNetYM2MPh5u7JHTaJnWEZdABCHEfg_oZLkS9mRYZ0cYsutjDzmh-0A16pVU595SSuE0sW3Zn5u8My34lSQDlJKQg4eFDk7HMEeUJ-xjdtASCa3qidjXnicVvsougsLLFlwAda6JRMZtkrWyoSPtZ8YvzBaU130233jnOLidruyw7GH7ya4KnqmbrFvuWtgUIcVX4q07XxG_p-sGivkJoCCSnoOzY7IqaA-LMz3BgtlbVIOv8jSQX_eGfUxgEmoaxd4cGQLUe5DmWiC7owvoRww802XpOiDkkgydAVF3JnqXQpxFmgYZDR5vnmp08U\" target=\"_blank\" rel=\"noopener nofollow noreferrer\" data-ft=\"{&quot;tn&quot;:&quot;-U&quot;}\" data-lynx-mode=\"origin\">www.frauenorte-ffo.de<\/a>), das ich 2014 an der Viadrina angesto\u00dfen habe, dort k\u00f6nnt ihr die Geschichten der Frauen nachlesen.<\/p>\n","protected":false},"excerpt":{"rendered":"<p>Vier neue Stra\u00dfen werden in Frankfurt nach Frauen benannt. Es sind Frauen, die etwas besonderes f\u00fcr unsere Stadt und dar\u00fcber hinaus erreicht haben. Sie sind hier geboren, gingen hier zur [&hellip;]<\/p>\n","protected":false},"author":1,"featured_media":0,"comment_status":"open","ping_status":"open","sticky":false,"template":"","format":"standard","meta":{"footnotes":""},"categories":[10],"tags":[],"class_list":["post-143","post","type-post","status-publish","format-standard","hentry","category-mitteilung"],"_links":{"self":[{"href":"https:\/\/www.sahra-damus.de\/wordpress\/wp-json\/wp\/v2\/posts\/143","targetHints":{"allow":["GET"]}}],"collection":[{"href":"https:\/\/www.sahra-damus.de\/wordpress\/wp-json\/wp\/v2\/posts"}],"about":[{"href":"https:\/\/www.sahra-damus.de\/wordpress\/wp-json\/wp\/v2\/types\/post"}],"author":[{"embeddable":true,"href":"https:\/\/www.sahra-damus.de\/wordpress\/wp-json\/wp\/v2\/users\/1"}],"replies":[{"embeddable":true,"href":"https:\/\/www.sahra-damus.de\/wordpress\/wp-json\/wp\/v2\/comments?post=143"}],"version-history":[{"count":2,"href":"https:\/\/www.sahra-damus.de\/wordpress\/wp-json\/wp\/v2\/posts\/143\/revisions"}],"predecessor-version":[{"id":146,"href":"https:\/\/www.sahra-damus.de\/wordpress\/wp-json\/wp\/v2\/posts\/143\/revisions\/146"}],"wp:attachment":[{"href":"https:\/\/www.sahra-damus.de\/wordpress\/wp-json\/wp\/v2\/media?parent=143"}],"wp:term":[{"taxonomy":"category","embeddable":true,"href":"https:\/\/www.sahra-damus.de\/wordpress\/wp-json\/wp\/v2\/categories?post=143"},{"taxonomy":"post_tag","embeddable":true,"href":"https:\/\/www.sahra-damus.de\/wordpress\/wp-json\/wp\/v2\/tags?post=143"}],"curies":[{"name":"wp","href":"https:\/\/api.w.org\/{rel}","templated":true}]}}