{"id":1455,"date":"2020-06-12T15:45:38","date_gmt":"2020-06-12T15:45:38","guid":{"rendered":"https:\/\/www.sahra-damus.de\/wordpress\/?p=1455"},"modified":"2022-10-07T15:49:44","modified_gmt":"2022-10-07T15:49:44","slug":"foerderung-von-sanierungsmassnahmen-an-der-mahn-und-gedenkstaette-fuer-das-ehemalige-kz-aussenlager-in-lieberose","status":"publish","type":"post","link":"https:\/\/www.sahra-damus.de\/wordpress\/foerderung-von-sanierungsmassnahmen-an-der-mahn-und-gedenkstaette-fuer-das-ehemalige-kz-aussenlager-in-lieberose\/","title":{"rendered":"F\u00f6rderung von Sanierungsma\u00dfnahmen an der Mahn- und Gedenkst\u00e4tte f\u00fcr das ehemalige KZ-Au\u00dfenlager in Lieberose"},"content":{"rendered":"<p><a href=\"https:\/\/www.parlamentsdokumentation.brandenburg.de\/starweb\/LBB\/ELVIS\/parladoku\/w7\/drs\/ab_1400\/1444-0143.pdf\">Fragestunde M\u00fcndliche Anfrage 143<\/a> Sahra Damus (B90\/GR\u00dcNE) 12.06.2020 Drucksache 7\/1444<\/p>\n<p><a href=\"https:\/\/www.parlamentsdokumentation.brandenburg.de\/starweb\/LBB\/ELVIS\/parladoku\/w7\/plpr\/17-014.pdf\">Antwort der <\/a><span id=\"page143R_mcid32\" class=\"markedContent\"><span dir=\"ltr\" role=\"presentation\">Ministerin f\u00fcr Wissenschaft, Forschung und Kultur, <\/span><span dir=\"ltr\" role=\"presentation\">Frau Dr.<\/span><\/span><span id=\"page143R_mcid33\" class=\"markedContent\"><\/span><span id=\"page143R_mcid34\" class=\"markedContent\"> <span dir=\"ltr\" role=\"presentation\">Sch\u00fcle<\/span><\/span><\/p>\n","protected":false},"excerpt":{"rendered":"<p>Fragestunde M\u00fcndliche Anfrage 143 Sahra Damus (B90\/GR\u00dcNE) 12.06.2020 Drucksache 7\/1444 Antwort der Ministerin f\u00fcr Wissenschaft, Forschung und Kultur, Frau Dr. Sch\u00fcle<\/p>\n","protected":false},"author":1,"featured_media":0,"comment_status":"open","ping_status":"open","sticky":false,"template":"","format":"standard","meta":{"footnotes":""},"categories":[13,8,1],"tags":[51],"class_list":["post-1455","post","type-post","status-publish","format-standard","hentry","category-anfragen","category-imlandtag","category-uncategorized","tag-gedenkstaetten"],"_links":{"self":[{"href":"https:\/\/www.sahra-damus.de\/wordpress\/wp-json\/wp\/v2\/posts\/1455","targetHints":{"allow":["GET"]}}],"collection":[{"href":"https:\/\/www.sahra-damus.de\/wordpress\/wp-json\/wp\/v2\/posts"}],"about":[{"href":"https:\/\/www.sahra-damus.de\/wordpress\/wp-json\/wp\/v2\/types\/post"}],"author":[{"embeddable":true,"href":"https:\/\/www.sahra-damus.de\/wordpress\/wp-json\/wp\/v2\/users\/1"}],"replies":[{"embeddable":true,"href":"https:\/\/www.sahra-damus.de\/wordpress\/wp-json\/wp\/v2\/comments?post=1455"}],"version-history":[{"count":1,"href":"https:\/\/www.sahra-damus.de\/wordpress\/wp-json\/wp\/v2\/posts\/1455\/revisions"}],"predecessor-version":[{"id":1456,"href":"https:\/\/www.sahra-damus.de\/wordpress\/wp-json\/wp\/v2\/posts\/1455\/revisions\/1456"}],"wp:attachment":[{"href":"https:\/\/www.sahra-damus.de\/wordpress\/wp-json\/wp\/v2\/media?parent=1455"}],"wp:term":[{"taxonomy":"category","embeddable":true,"href":"https:\/\/www.sahra-damus.de\/wordpress\/wp-json\/wp\/v2\/categories?post=1455"},{"taxonomy":"post_tag","embeddable":true,"href":"https:\/\/www.sahra-damus.de\/wordpress\/wp-json\/wp\/v2\/tags?post=1455"}],"curies":[{"name":"wp","href":"https:\/\/api.w.org\/{rel}","templated":true}]}}