{"id":1473,"date":"2022-10-14T11:20:21","date_gmt":"2022-10-14T11:20:21","guid":{"rendered":"https:\/\/www.sahra-damus.de\/wordpress\/?p=1473"},"modified":"2022-11-17T11:38:57","modified_gmt":"2022-11-17T11:38:57","slug":"menstruationshygieneartikel-kostenlos-an-schulen","status":"publish","type":"post","link":"https:\/\/www.sahra-damus.de\/wordpress\/menstruationshygieneartikel-kostenlos-an-schulen\/","title":{"rendered":"Menstruationshygieneartikel kostenlos an Schulen"},"content":{"rendered":"<p><img loading=\"lazy\" decoding=\"async\" class=\" wp-image-1478 alignleft\" src=\"https:\/\/www.sahra-damus.de\/wordpress\/wp-content\/uploads\/2022\/10\/health-6186097_1280-300x200.jpg\" alt=\"\" width=\"225\" height=\"150\" \/>Mal eine indiskrete Frage: Haben Sie heute Morgen alle ihren pers\u00f6nlichen Vorrat an Toilettenpapier eingepackt? In die Handtasche oder den Aktenkoffer? Nicht dass Sie wieder wie neulich dastehen, als das Papier unverhofft alle war und sie hinter vorgehaltener Hand einen Kollegen fragen mussten, ob er ihnen aushelfen kann. Peinlich! Oder haben sie so lange ausgeharrt, bis Sie wieder zu Hause waren? Unangenehm\u2026 Oder fragen Sie sich manchmal, wo die n\u00e4chste Drogerie ist, ob die noch offen hat, ob sie Kleingeld f\u00fcr den Notfall dabei haben und schlimmstenfalls Wechselw\u00e4sche?<!--more--><!--noteaser--><br \/>\n&#8211; Es gilt das gesprochene Wort!<\/p>\n<p>Sehr geehrte Frau Pr\u00e4sidentin, Liebe Kolleg*innen, Werte G\u00e4ste,<\/p>\n<p>mal eine indiskrete Frage: Haben Sie heute Morgen alle ihren pers\u00f6nlichen Vorrat an Toilettenpapier eingepackt? In die Handtasche oder den Aktenkoffer? Nicht dass Sie wieder wie neulich dastehen, als das Papier unverhofft alle war und sie hinter vorgehaltener Hand einen Kollegen fragen mussten, ob er ihnen aushelfen kann. Peinlich! Oder haben sie so lange ausgeharrt, bis Sie wieder zu Hause waren? Unangenehm\u2026 Oder fragen Sie sich manchmal, wo die n\u00e4chste Drogerie ist, ob die noch offen hat, ob sie Kleingeld f\u00fcr den Notfall dabei haben und schlimmstenfalls Wechselw\u00e4sche?<\/p>\n<p>Zu Recht finden Sie diese Vorstellung wohl abstrus. Nat\u00fcrlich verlassen Sie sich darauf, dass auf jeder Toilette Klopapier zur Verf\u00fcgung steht.<\/p>\n<p>Genau solche Gedanken haben Frauen bzw. alle menstruierenden Personen allerdings, wenn es um die Periode geht. Sie tragen Tampons oder Binden immer bei sich, m\u00fcssen \u00fcberlegen, wann und wo sie wechseln k\u00f6nnen, wo es im Notfall welche gibt. Warum aber geh\u00f6ren Periodenartikel im Unterschied zu Toilettenpapier, Seife und neuerdings auch Desinfektionsmitteln nicht zur Standardausr\u00fcstung von Toiletten?<\/p>\n<p>Weil die Menstruation \u201enur\u201c die H\u00e4lfte der Menschheit betrifft? Also in Deutschland etwa 40 Mio. Menschen? Weil sie nur an ein paar Tagen im Monat auftritt?<\/p>\n<p>Und ja: Wer menstruiert, zahlt daf\u00fcr Geld. Jeden Monat. Auch das Stichwort Periodenarmut ist schon gefallen. Es existieren verschiedene Studien, welche Kosten f\u00fcr die Menstruation im Laufe eines Lebens anfallen. Sie reichen von ca. 2000 Euro, wenn man nur die unmittelbaren Kosten wie Hygieneprodukte einrechnet, bis hin zu etwa 20.000 Euro, wenn man verschmutze Kleidung, Arzneimittel und weitere Kosten ber\u00fccksichtigt. Sie k\u00f6nnen sich vorstellen, dass das f\u00fcr Sch\u00fcler*innen, Student*innnen, Auszubildende und finanziell Schwache ganz sch\u00f6n zu Buche schl\u00e4gt.<\/p>\n<p>Die NGO Plan International hat in einer repr\u00e4sentativen Umfrage ermittelt, dass f\u00fcr 23 Prozent der Betroffenen die monatlichen Ausgaben eine Belastung sind. Rund 15 Prozent versuchten, m\u00f6glichst wenig Hygieneprodukte zu verbrauchen, 12 Prozent z\u00f6gerten den Wechsel bewusst hinaus, was das Infektionsrisiko erh\u00f6ht.<\/p>\n<p>Einige von uns kennen das Problem \u00fcbrigens sehr gut aus den Debatten von dialogP, in denen Sch\u00fcler*innen mit uns Landtagsabgeordneten \u00fcber Themen diskutieren, die sie bewegen. Wir sind als Politiker*innen daf\u00fcr da, auch die Belange von Jugendlichen in den Landtag zu tragen und daf\u00fcr danke ich den Freien W\u00e4hlern und W\u00e4hlerinnen ausdr\u00fccklich. Und im \u00dcbrigen auch die Belange von Frauen, die in diesem Landtag noch immer unterrepr\u00e4sentiert sind.<\/p>\n<p>Nun h\u00f6re ich in der Diskussion h\u00e4ufig: F\u00fcr Klopapier zahlt das Land doch auch nicht extra, warum dann f\u00fcr Menstruationsprodukte? Eine Schule funktioniert nicht ohne Kreide, Druckertinte und \u2013 ja \u2026Klopapier. Aber anscheinend ohne Periodenprodukte.<\/p>\n<p>Zwar war die Senkung der Mehrwertsteuer f\u00fcr Periodenprodukte im Jahr 2020 ein erster wichtiger Schritt. Dennoch bleibt es dabei, dass wir Kosten f\u00fcr das eine gesellschaftlich finanzieren, f\u00fcr das andere jedoch nicht. Eine nicht ausreichende Versorgung kann zu Stigmatisierung, Scham, Unkonzentriertheit im Unterricht oder bei der Arbeit oder sogar Fehlzeiten und gesundheitlichen Probleme f\u00fchren.<\/p>\n<p>Meine Vorredner*innen haben schon einige Beispiel aufgez\u00e4hlt, wo es inzwischen \u00fcberall kostenlose Periodenprodukte gibt, in einigen Kommunen und Landkreisen, in einzelnen Schulen, Hochschulen und Rath\u00e4usern. Berlin, Schleswig-Holstein und Hessen haben sich bereits ausf\u00fchrlich mit dem Thema befasst, in Schottland gibt es gar eine gesetzliche Regelung. Das Thema wird also auf vielen Ebenen vorangebracht.<\/p>\n<p>Zum Antrag der Freien W\u00e4hler will ich aber sagen: Ein Pilotprojekt halte ich nicht f\u00fcr zielf\u00fchrend. Denn es ist bereits erwiesen, dass der Bedarf da ist und es gibt zahlreiche Beispiele, an denen sich Kosten ablesen lassen. Daher ist der Antrag f\u00fcr mich nicht zustimmungsf\u00e4hig. Das Thema voranzubringen, ist aber notwendig. Was es br\u00e4uchte w\u00e4re also die politische Mehrheit daf\u00fcr, nicht ein Pilotprojekt. Wir Gr\u00fcne sind sehr offen daf\u00fcr, aber wir brauchen daf\u00fcr noch mehr Partner*innen, die bei dieser Forderung mitgehen. Ich hoffe, dass das bald der Fall sein wird.<\/p>\n","protected":false},"excerpt":{"rendered":"<p>Mal eine indiskrete Frage: Haben Sie heute Morgen alle ihren pers\u00f6nlichen Vorrat an Toilettenpapier eingepackt? In die Handtasche oder den Aktenkoffer? Nicht dass Sie wieder wie neulich dastehen, als das [&hellip;]<\/p>\n","protected":false},"author":1,"featured_media":0,"comment_status":"open","ping_status":"open","sticky":false,"template":"","format":"standard","meta":{"footnotes":""},"categories":[8,9,1],"tags":[43,48],"class_list":["post-1473","post","type-post","status-publish","format-standard","hentry","category-imlandtag","category-meine_reden","category-uncategorized","tag-frauenpolitik","tag-gleichstellung"],"_links":{"self":[{"href":"https:\/\/www.sahra-damus.de\/wordpress\/wp-json\/wp\/v2\/posts\/1473","targetHints":{"allow":["GET"]}}],"collection":[{"href":"https:\/\/www.sahra-damus.de\/wordpress\/wp-json\/wp\/v2\/posts"}],"about":[{"href":"https:\/\/www.sahra-damus.de\/wordpress\/wp-json\/wp\/v2\/types\/post"}],"author":[{"embeddable":true,"href":"https:\/\/www.sahra-damus.de\/wordpress\/wp-json\/wp\/v2\/users\/1"}],"replies":[{"embeddable":true,"href":"https:\/\/www.sahra-damus.de\/wordpress\/wp-json\/wp\/v2\/comments?post=1473"}],"version-history":[{"count":4,"href":"https:\/\/www.sahra-damus.de\/wordpress\/wp-json\/wp\/v2\/posts\/1473\/revisions"}],"predecessor-version":[{"id":1479,"href":"https:\/\/www.sahra-damus.de\/wordpress\/wp-json\/wp\/v2\/posts\/1473\/revisions\/1479"}],"wp:attachment":[{"href":"https:\/\/www.sahra-damus.de\/wordpress\/wp-json\/wp\/v2\/media?parent=1473"}],"wp:term":[{"taxonomy":"category","embeddable":true,"href":"https:\/\/www.sahra-damus.de\/wordpress\/wp-json\/wp\/v2\/categories?post=1473"},{"taxonomy":"post_tag","embeddable":true,"href":"https:\/\/www.sahra-damus.de\/wordpress\/wp-json\/wp\/v2\/tags?post=1473"}],"curies":[{"name":"wp","href":"https:\/\/api.w.org\/{rel}","templated":true}]}}