{"id":1483,"date":"2022-11-13T11:45:27","date_gmt":"2022-11-13T11:45:27","guid":{"rendered":"https:\/\/www.sahra-damus.de\/wordpress\/?p=1483"},"modified":"2022-11-17T11:46:19","modified_gmt":"2022-11-17T11:46:19","slug":"pressemitteilung-foerderung-der-freien-theater-deutlich-erhoeht","status":"publish","type":"post","link":"https:\/\/www.sahra-damus.de\/wordpress\/pressemitteilung-foerderung-der-freien-theater-deutlich-erhoeht\/","title":{"rendered":"Pressemitteilung: F\u00f6rderung der Freien Theater deutlich erh\u00f6ht"},"content":{"rendered":"<p>In dieser Woche diskutierte der Ausschuss f\u00fcr Wissenschaft, Forschung und Kultur den Haushaltsplan f\u00fcr die Jahre 2023 und 2024. Dazu sagt Sahra Damus, kulturpolitische Sprecherin der Fraktion B\u00dcNDNIS 90\/DIE GR\u00dcNEN im Brandenburger Landtag:<\/p>\n<p>\u201eIch freue mich sehr, dass endlich gelungen ist, wof\u00fcr die Freien Theater im Land bereits seit vielen Jahren k\u00e4mpfen: Wir erh\u00f6hen die F\u00f6rderung um 500.000 Euro pro Jahr. Damit soll eine Treppe zur St\u00e4rkung der Freien Theater beschritten werden mit dem mittelfristigen Ziel, ihnen zehn Prozent der Theaterf\u00f6rderung des Landes zukommen zu lassen. Bisher erhalten sie etwa f\u00fcnf Prozent der F\u00f6rderung, decken aber 30 Prozent der Besucher*innen im Land ab. Die Finanzierung der Freien Theater soll sich somit prozentual den institutionell gef\u00f6rderten B\u00fchnen ann\u00e4hern.<!--more--><!--noteaser--><br \/>\nIn dieser Woche diskutierte der Ausschuss f\u00fcr Wissenschaft, Forschung und Kultur den Haushaltsplan f\u00fcr die Jahre 2023 und 2024. Dazu sagt Sahra Damus, kulturpolitische Sprecherin der Fraktion B\u00dcNDNIS 90\/DIE GR\u00dcNEN im Brandenburger Landtag:<\/p>\n<p>\u201eIch freue mich sehr, dass endlich gelungen ist, wof\u00fcr die Freien Theater im Land bereits seit vielen Jahren k\u00e4mpfen: Wir erh\u00f6hen die F\u00f6rderung um 500.000 Euro pro Jahr. Damit soll eine Treppe zur St\u00e4rkung der Freien Theater beschritten werden mit dem mittelfristigen Ziel, ihnen zehn Prozent der Theaterf\u00f6rderung des Landes zukommen zu lassen. Bisher erhalten sie etwa f\u00fcnf Prozent der F\u00f6rderung, decken aber 30 Prozent der Besucher*innen im Land ab. Die Finanzierung der Freien Theater soll sich somit prozentual den institutionell gef\u00f6rderten B\u00fchnen ann\u00e4hern.<\/p>\n<p>\u00dcber viele Jahre konnte der Betrag nicht erh\u00f6ht werden. Mit der Aufstockung der Mittel wollen wir die F\u00f6rderkategorie 1 ausweiten, um so weiteren Theatern eine dreij\u00e4hrige Planungssicherheit zu erm\u00f6glichen. Denn viele Theater, die bisher jedes Jahr eine neue F\u00f6rderung in der Kategorie 2 (einj\u00e4hrige F\u00f6rderung) beantragen m\u00fcssen, existieren schon seit Jahrzehnten, spielen meist ganzj\u00e4hrig mit einem festen Mitarbeiter*innenteam und einem vielf\u00e4ltigen, umfangreichen Repertoire.<\/p>\n<p>Die Freien Theater haben sich im Laufe der letzten 32 Jahre sehr erfolgreich in Brandenburg etabliert. Dennoch ist die Finanzierung oft prek\u00e4r und unsicher. Die Theater sollen daher mit der gestiegenen F\u00f6rderung auch in die Lage versetzt werden, den Mindestlohn bzw. Honoraruntergrenzen f\u00fcr freie Mitarbeiter*innen einzuhalten. Mit dieser deutlichen Erh\u00f6hung der Mittel wollen wir honorieren, dass die Freien Theater neue R\u00e4ume erobert und Pr\u00e4senz in urbanen sowie l\u00e4ndlichen Gebieten aufgebaut haben. Wir wollen die F\u00f6rderung noch mehr in die Fl\u00e4che des Landes tragen.<\/p>\n<p>Im Kabinettsentwurf war bereits eine Erh\u00f6hung um 300.000 Euro erhalten, die unter anderem dazu dienen soll, einen Energiepreis- und Inflationsausgleich bei den bereits gef\u00f6rderten Theatern zu gew\u00e4hrleisten und den Verband der Freien Theater zu unterst\u00fctzen. Damit h\u00e4tten jedoch keine zus\u00e4tzlichen Theater gef\u00f6rdert werden k\u00f6nnen. Zusammen mit der bereits im Entwurf des Einzelplans veranschlagten Erh\u00f6hung des Titelansatzes wird die Landesf\u00f6rderung der Freien Theater im Vergleich zu 2022 von bisher 1,64 Mio. Euro so insgesamt um ein Drittel deutlich angehoben.\u201c<\/p>\n<p>Hintergrund:<\/p>\n<p>Die Freien Theater verteilen sich auf 15 eigene Produktions- und Spielst\u00e4tten; 20 Gruppen spielen ohne eigenes Haus. Sie besch\u00e4ftigen insgesamt 61 feste, 8 befristete, 331 auf Honorarbasis t\u00e4tige und 20 sonstige Mitarbeitende (Quelle: Verband der freien Theater, Stand 2021).<\/p>\n","protected":false},"excerpt":{"rendered":"<p>In dieser Woche diskutierte der Ausschuss f\u00fcr Wissenschaft, Forschung und Kultur den Haushaltsplan f\u00fcr die Jahre 2023 und 2024. Dazu sagt Sahra Damus, kulturpolitische Sprecherin der Fraktion B\u00dcNDNIS 90\/DIE GR\u00dcNEN [&hellip;]<\/p>\n","protected":false},"author":1,"featured_media":0,"comment_status":"open","ping_status":"open","sticky":false,"template":"","format":"standard","meta":{"footnotes":""},"categories":[1],"tags":[],"class_list":["post-1483","post","type-post","status-publish","format-standard","hentry","category-uncategorized"],"_links":{"self":[{"href":"https:\/\/www.sahra-damus.de\/wordpress\/wp-json\/wp\/v2\/posts\/1483","targetHints":{"allow":["GET"]}}],"collection":[{"href":"https:\/\/www.sahra-damus.de\/wordpress\/wp-json\/wp\/v2\/posts"}],"about":[{"href":"https:\/\/www.sahra-damus.de\/wordpress\/wp-json\/wp\/v2\/types\/post"}],"author":[{"embeddable":true,"href":"https:\/\/www.sahra-damus.de\/wordpress\/wp-json\/wp\/v2\/users\/1"}],"replies":[{"embeddable":true,"href":"https:\/\/www.sahra-damus.de\/wordpress\/wp-json\/wp\/v2\/comments?post=1483"}],"version-history":[{"count":1,"href":"https:\/\/www.sahra-damus.de\/wordpress\/wp-json\/wp\/v2\/posts\/1483\/revisions"}],"predecessor-version":[{"id":1485,"href":"https:\/\/www.sahra-damus.de\/wordpress\/wp-json\/wp\/v2\/posts\/1483\/revisions\/1485"}],"wp:attachment":[{"href":"https:\/\/www.sahra-damus.de\/wordpress\/wp-json\/wp\/v2\/media?parent=1483"}],"wp:term":[{"taxonomy":"category","embeddable":true,"href":"https:\/\/www.sahra-damus.de\/wordpress\/wp-json\/wp\/v2\/categories?post=1483"},{"taxonomy":"post_tag","embeddable":true,"href":"https:\/\/www.sahra-damus.de\/wordpress\/wp-json\/wp\/v2\/tags?post=1483"}],"curies":[{"name":"wp","href":"https:\/\/api.w.org\/{rel}","templated":true}]}}