{"id":1643,"date":"2023-04-19T09:43:26","date_gmt":"2023-04-19T09:43:26","guid":{"rendered":"https:\/\/www.sahra-damus.de\/wordpress\/?p=1643"},"modified":"2023-05-25T09:47:54","modified_gmt":"2023-05-25T09:47:54","slug":"kleine-anfrage-stand-der-verhandlungen-auf-bundesebene-und-der-umsetzung-auf-landesebene-zu-verguenstigungen-des-deutschlandtickets-fuer-menschen-in-ausbildung-schuelerinnen-und-schueler-azubis","status":"publish","type":"post","link":"https:\/\/www.sahra-damus.de\/wordpress\/kleine-anfrage-stand-der-verhandlungen-auf-bundesebene-und-der-umsetzung-auf-landesebene-zu-verguenstigungen-des-deutschlandtickets-fuer-menschen-in-ausbildung-schuelerinnen-und-schueler-azubis\/","title":{"rendered":"Kleine Anfrage: Stand der Verhandlungen auf Bundesebene und der Umsetzung auf Landesebene zu  Verg\u00fcnstigungen des Deutschlandtickets f\u00fcr Menschen in Ausbildung (Sch\u00fclerinnen  und Sch\u00fcler, Azubis, Studierende"},"content":{"rendered":"<p><a href=\"https:\/\/www.parlamentsdokumentation.brandenburg.de\/starweb\/LBB\/ELVIS\/parladoku\/w7\/drs\/ab_7400\/7450.pdf\">Kleine Anfrage 2696der Abgeordneten Ricarda Budke (Fraktion B\u00dcNDNIS 90\/DIE GR\u00dcNEN), Sahra Damus (Fraktion B\u00dcNDNIS 90\/DIE GR\u00dcNEN) und Clemens Rostock (Fraktion B\u00dcNDNIS 90\/DIE GR\u00dcNEN)<\/a><\/p>\n<p><a href=\"https:\/\/www.parlamentsdokumentation.brandenburg.de\/starweb\/LBB\/ELVIS\/parladoku\/w7\/drs\/ab_7500\/7578.pdf\">Antwort der Landesregierung vom 19.04.2023<\/a><\/p>\n","protected":false},"excerpt":{"rendered":"<p>Kleine Anfrage 2696der Abgeordneten Ricarda Budke (Fraktion B\u00dcNDNIS 90\/DIE GR\u00dcNEN), Sahra Damus (Fraktion B\u00dcNDNIS 90\/DIE GR\u00dcNEN) und Clemens Rostock (Fraktion B\u00dcNDNIS 90\/DIE GR\u00dcNEN) Antwort der Landesregierung vom 19.04.2023<\/p>\n","protected":false},"author":1,"featured_media":0,"comment_status":"open","ping_status":"open","sticky":false,"template":"","format":"standard","meta":{"footnotes":""},"categories":[13,8,1],"tags":[],"class_list":["post-1643","post","type-post","status-publish","format-standard","hentry","category-anfragen","category-imlandtag","category-uncategorized"],"_links":{"self":[{"href":"https:\/\/www.sahra-damus.de\/wordpress\/wp-json\/wp\/v2\/posts\/1643","targetHints":{"allow":["GET"]}}],"collection":[{"href":"https:\/\/www.sahra-damus.de\/wordpress\/wp-json\/wp\/v2\/posts"}],"about":[{"href":"https:\/\/www.sahra-damus.de\/wordpress\/wp-json\/wp\/v2\/types\/post"}],"author":[{"embeddable":true,"href":"https:\/\/www.sahra-damus.de\/wordpress\/wp-json\/wp\/v2\/users\/1"}],"replies":[{"embeddable":true,"href":"https:\/\/www.sahra-damus.de\/wordpress\/wp-json\/wp\/v2\/comments?post=1643"}],"version-history":[{"count":2,"href":"https:\/\/www.sahra-damus.de\/wordpress\/wp-json\/wp\/v2\/posts\/1643\/revisions"}],"predecessor-version":[{"id":1645,"href":"https:\/\/www.sahra-damus.de\/wordpress\/wp-json\/wp\/v2\/posts\/1643\/revisions\/1645"}],"wp:attachment":[{"href":"https:\/\/www.sahra-damus.de\/wordpress\/wp-json\/wp\/v2\/media?parent=1643"}],"wp:term":[{"taxonomy":"category","embeddable":true,"href":"https:\/\/www.sahra-damus.de\/wordpress\/wp-json\/wp\/v2\/categories?post=1643"},{"taxonomy":"post_tag","embeddable":true,"href":"https:\/\/www.sahra-damus.de\/wordpress\/wp-json\/wp\/v2\/tags?post=1643"}],"curies":[{"name":"wp","href":"https:\/\/api.w.org\/{rel}","templated":true}]}}