{"id":1652,"date":"2023-05-09T12:08:38","date_gmt":"2023-05-09T12:08:38","guid":{"rendered":"https:\/\/www.sahra-damus.de\/wordpress\/?p=1652"},"modified":"2023-05-26T12:11:06","modified_gmt":"2023-05-26T12:11:06","slug":"muendliche-anfrage-sicherung-des-projekts-nachbarsprache-in-der-doppelstadt-jezyk-sasiada-w-dwumiescie","status":"publish","type":"post","link":"https:\/\/www.sahra-damus.de\/wordpress\/muendliche-anfrage-sicherung-des-projekts-nachbarsprache-in-der-doppelstadt-jezyk-sasiada-w-dwumiescie\/","title":{"rendered":"M\u00fcndliche Anfrage: Sicherung des Projekts &#8220;Nachbarsprache in der Doppelstadt &#8211; J\u0119zyk s\u0105siada w Dwumie\u015bcie&#8221;"},"content":{"rendered":"<p><a href=\"https:\/\/www.parlamentsdokumentation.brandenburg.de\/starweb\/LBB\/ELVIS\/parladoku\/w7\/drs\/ab_7600\/7662-1606.pdf\">M\u00fcndliche Anfrage 1606<\/a><br \/>\nder Abgeordneten Sahra Damus (Fraktion B\u00dcNDNIS 90\/DIE GR\u00dcNEN)<br \/>\nan die Landesregierung<\/p>\n<p>&nbsp;<\/p>\n","protected":false},"excerpt":{"rendered":"<p>M\u00fcndliche Anfrage 1606 der Abgeordneten Sahra Damus (Fraktion B\u00dcNDNIS 90\/DIE GR\u00dcNEN) an die Landesregierung &nbsp;<\/p>\n","protected":false},"author":1,"featured_media":0,"comment_status":"open","ping_status":"open","sticky":false,"template":"","format":"standard","meta":{"footnotes":""},"categories":[13,8,1],"tags":[70,39],"class_list":["post-1652","post","type-post","status-publish","format-standard","hentry","category-anfragen","category-imlandtag","category-uncategorized","tag-doppelstadt","tag-frankfurt-oder"],"_links":{"self":[{"href":"https:\/\/www.sahra-damus.de\/wordpress\/wp-json\/wp\/v2\/posts\/1652","targetHints":{"allow":["GET"]}}],"collection":[{"href":"https:\/\/www.sahra-damus.de\/wordpress\/wp-json\/wp\/v2\/posts"}],"about":[{"href":"https:\/\/www.sahra-damus.de\/wordpress\/wp-json\/wp\/v2\/types\/post"}],"author":[{"embeddable":true,"href":"https:\/\/www.sahra-damus.de\/wordpress\/wp-json\/wp\/v2\/users\/1"}],"replies":[{"embeddable":true,"href":"https:\/\/www.sahra-damus.de\/wordpress\/wp-json\/wp\/v2\/comments?post=1652"}],"version-history":[{"count":1,"href":"https:\/\/www.sahra-damus.de\/wordpress\/wp-json\/wp\/v2\/posts\/1652\/revisions"}],"predecessor-version":[{"id":1653,"href":"https:\/\/www.sahra-damus.de\/wordpress\/wp-json\/wp\/v2\/posts\/1652\/revisions\/1653"}],"wp:attachment":[{"href":"https:\/\/www.sahra-damus.de\/wordpress\/wp-json\/wp\/v2\/media?parent=1652"}],"wp:term":[{"taxonomy":"category","embeddable":true,"href":"https:\/\/www.sahra-damus.de\/wordpress\/wp-json\/wp\/v2\/categories?post=1652"},{"taxonomy":"post_tag","embeddable":true,"href":"https:\/\/www.sahra-damus.de\/wordpress\/wp-json\/wp\/v2\/tags?post=1652"}],"curies":[{"name":"wp","href":"https:\/\/api.w.org\/{rel}","templated":true}]}}