{"id":1656,"date":"2023-05-10T13:21:12","date_gmt":"2023-05-10T13:21:12","guid":{"rendered":"https:\/\/www.sahra-damus.de\/wordpress\/?p=1656"},"modified":"2023-05-26T13:25:22","modified_gmt":"2023-05-26T13:25:22","slug":"pressemitteilung-brandenburg-ist-bereit-fuer-einen-studentischen-tarifvertrag","status":"publish","type":"post","link":"https:\/\/www.sahra-damus.de\/wordpress\/pressemitteilung-brandenburg-ist-bereit-fuer-einen-studentischen-tarifvertrag\/","title":{"rendered":"Pressemitteilung: Brandenburg ist bereit f\u00fcr einen studentischen Tarifvertrag"},"content":{"rendered":"<p>\u201eGut, dass auch Brandenburg nun bereit ist, den Weg zu einem studentischen Tarifvertrag mitzugehen. Damit spricht sich auch Brandenburg neben immer mehr anderen Bundesl\u00e4ndern f\u00fcr gute Arbeitsbedingung und eine faire Bezahlung aus. Das ist aktuell wichtiger denn je, denn die soziale und finanzielle Lange der Studierenden ist nach der Corona-Pandemie und durch die allgemeinen Preissteigerungen ohnehin sehr angespannt. Das sehen wir auch an den massiven R\u00fcckg\u00e4ngen bei den Studierendenzahlen, die angesichts des Fachkr\u00e4ftemangels sehr beunruhigend sind&#8230;&#8221;<!--more--><!--noteaser-->Brandenburg spricht sich f\u00fcr einen studentischen Tarifvertrag aus. Das hat die M\u00fcndliche Anfrage der\u00a0<strong>wissenschaftspolitischen Sprecherin der Fraktion B\u00dcNDNIS 90\/DE GR\u00dcNEN, Sahra Damus,\u00a0<\/strong>an Innenminister Michael St\u00fcbgen im heutigen Plenum ergeben. Dazu Sahra Damus:<\/p>\n<p>\u201eGut, dass auch Brandenburg nun bereit ist, den Weg zu einem studentischen Tarifvertrag mitzugehen. Damit spricht sich auch Brandenburg neben immer mehr anderen Bundesl\u00e4ndern f\u00fcr gute Arbeitsbedingung und eine faire Bezahlung aus. Das ist aktuell wichtiger denn je, denn die soziale und finanzielle Lange der Studierenden ist nach der Corona-Pandemie und durch die allgemeinen Preissteigerungen ohnehin sehr angespannt. Das sehen wir auch an den massiven R\u00fcckg\u00e4ngen bei den Studierendenzahlen, die angesichts des Fachkr\u00e4ftemangels sehr beunruhigend sind.<\/p>\n<p>Nach Wissenschaftsministerin Manja Sch\u00fcle zeigt sich also nun auch Minister St\u00fcbgen daf\u00fcr offen und zieht dabei einen eigenen Fl\u00e4chentarifvertrag einem Einbezug in den Tarifvertrag der L\u00e4nder vor. Ich begr\u00fc\u00dfe es ausdr\u00fccklich, dass auch Brandenburg f\u00fcr einen bundesweit einheitlichen Tarifvertrag ist.<\/p>\n<p><strong>Hintergrund<\/strong><\/p>\n<p>Am 26. April dieses Jahres demonstrierten Studierende in Potsdam f\u00fcr einen studentischen Tarifvertrag und \u00fcbergaben ihre Forderungen an Ministerin Sch\u00fcle und stellvertretend f\u00fcr Minister St\u00fcbgen an Staatsekret\u00e4r Gr\u00fcnewald. Wenngleich es dabei um ein Hochschulthema geht, ist hier die Landesregierung als Ganze gefragt, da Tariffragen in der Tarifgemeinschaft der L\u00e4nder verhandelt werden. Dort ist Brandenburg durch den Innenminister vertreten.<\/p>\n<p>Es hat sich ein historisches Zeitfenster ergeben: Seit \u00fcber 30 Jahren finden nun erstmal Gespr\u00e4che zwischen der Tarifgemeinschaft der L\u00e4nder und der Gewerkschaft statt, wie die studentischen Besch\u00e4ftigten tarifiert werden k\u00f6nnen.<\/p>\n<p>Die meisten Bundesl\u00e4nder stimmen einer Tarifierung bereits zu. Die Position Brandenburgs war bislang noch nicht klar. Ministerin Sch\u00fcle hatte sich bereits f\u00fcr einen studentischen Tarifvertrag ausgesprochen. Damit w\u00fcrde nicht nur die Bezahlung nach Tarif, sondern auch die Gew\u00e4hrung von Urlaub, Krankheit, Mutterschutz, Elternzeit verbessert werden.<\/p>\n","protected":false},"excerpt":{"rendered":"<p>\u201eGut, dass auch Brandenburg nun bereit ist, den Weg zu einem studentischen Tarifvertrag mitzugehen. Damit spricht sich auch Brandenburg neben immer mehr anderen Bundesl\u00e4ndern f\u00fcr gute Arbeitsbedingung und eine faire [&hellip;]<\/p>\n","protected":false},"author":1,"featured_media":0,"comment_status":"open","ping_status":"open","sticky":false,"template":"","format":"standard","meta":{"footnotes":""},"categories":[1,7],"tags":[31],"class_list":["post-1656","post","type-post","status-publish","format-standard","hentry","category-uncategorized","category-pressemitteilungen","tag-hochschule"],"_links":{"self":[{"href":"https:\/\/www.sahra-damus.de\/wordpress\/wp-json\/wp\/v2\/posts\/1656","targetHints":{"allow":["GET"]}}],"collection":[{"href":"https:\/\/www.sahra-damus.de\/wordpress\/wp-json\/wp\/v2\/posts"}],"about":[{"href":"https:\/\/www.sahra-damus.de\/wordpress\/wp-json\/wp\/v2\/types\/post"}],"author":[{"embeddable":true,"href":"https:\/\/www.sahra-damus.de\/wordpress\/wp-json\/wp\/v2\/users\/1"}],"replies":[{"embeddable":true,"href":"https:\/\/www.sahra-damus.de\/wordpress\/wp-json\/wp\/v2\/comments?post=1656"}],"version-history":[{"count":6,"href":"https:\/\/www.sahra-damus.de\/wordpress\/wp-json\/wp\/v2\/posts\/1656\/revisions"}],"predecessor-version":[{"id":1662,"href":"https:\/\/www.sahra-damus.de\/wordpress\/wp-json\/wp\/v2\/posts\/1656\/revisions\/1662"}],"wp:attachment":[{"href":"https:\/\/www.sahra-damus.de\/wordpress\/wp-json\/wp\/v2\/media?parent=1656"}],"wp:term":[{"taxonomy":"category","embeddable":true,"href":"https:\/\/www.sahra-damus.de\/wordpress\/wp-json\/wp\/v2\/categories?post=1656"},{"taxonomy":"post_tag","embeddable":true,"href":"https:\/\/www.sahra-damus.de\/wordpress\/wp-json\/wp\/v2\/tags?post=1656"}],"curies":[{"name":"wp","href":"https:\/\/api.w.org\/{rel}","templated":true}]}}