{"id":1675,"date":"2023-06-23T18:40:05","date_gmt":"2023-06-23T18:40:05","guid":{"rendered":"https:\/\/www.sahra-damus.de\/wordpress\/?p=1675"},"modified":"2023-06-27T09:41:36","modified_gmt":"2023-06-27T09:41:36","slug":"meine-rede-im-landtag-kleingartenkultur-pflegen-und-wuerdigen","status":"publish","type":"post","link":"https:\/\/www.sahra-damus.de\/wordpress\/meine-rede-im-landtag-kleingartenkultur-pflegen-und-wuerdigen\/","title":{"rendered":"Meine Rede im Landtag: Kleingartenkultur pflegen und w\u00fcrdigen"},"content":{"rendered":"<p>Die Kleing\u00e4rtner*innen in Brandenburg freuen sich heute wie viele andere \u00fcber den lang ersehnten Regen. Auch dort merken wir die Auswirkungen des Klimawandels. Und gleichzeitig sind die Kleing\u00e4rten wertvolle Gr\u00fcnschneisen in den Stadtr\u00e4umen. Sie sorgen f\u00fcr Abk\u00fchlung und \u00fcbernehmen eine Br\u00fcckenfunktion f\u00fcr viele Arten, die es in versiegelten st\u00e4dtischen R\u00e4umen sonst schwer h\u00e4tten.<br \/>\n<!--more--><!--noteaser--><br \/>\n&#8211; Es gilt das gesprochene Wort!<\/p>\n<p>Sehr geehrte Frau Pr\u00e4sidentin, Liebe Kolleg*innen, Werte G\u00e4ste,<\/p>\n<p>Die Kleing\u00e4rtner*innen in Brandenburg freuen sich heute wie viele andere \u00fcber den lang ersehnten Regen. Auch dort merken wir die Auswirkungen des Klimawandels. Und gleichzeitig sind die Kleing\u00e4rten wertvolle Gr\u00fcnschneisen in den Stadtr\u00e4umen. Sie sorgen f\u00fcr Abk\u00fchlung und \u00fcbernehmen eine Br\u00fcckenfunktion f\u00fcr viele Arten, die es in versiegelten st\u00e4dtischen R\u00e4umen sonst schwer h\u00e4tten.<\/p>\n<p>Aber die vielen Kleingartenvereine stehen auch vor gro\u00dfen Herausforderungen: Leerstand in einigen Regionen, lange Wartelisten und Siedlungsdruck in anderen. Generationenwechsel, Sicherstellung der ehrenamtlichen Unterst\u00fctzung, Entsorgung von Altlasten und vieles mehr. Wir haben es schon geh\u00f6rt, BVB\/Freie W\u00e4hler w\u00fcnschen sich eine*n Beauftragten f\u00fcr das Kleingartenwesen in Brandenburg, um sich dieser Probleme anzunehmen. Meine Vorredner*innen haben allerdings schon darauf hingewiesen, dass wir bereits ein Forum haben, in dem all diese Problemlagen gut aufgehoben sind: den Landeskleingartenbeirat. Dort sind nicht nur Kleingartenvereine aus allen Teilen des Landes, der Landesverband und das Ministerium vertreten, sondern auch jede Fraktion mit beratender Stimme. Sie haben also, wenn Sie so wollen, schon in jeder Fraktion Kleingartenbeauftragte, das ist doch super. Und es gibt einen sehr engen Austausch mit der Landesregierung. Nun aber eine Stelle zu schaffen, w\u00fcrde meines Erachtens wertvolle Mittel binden, die ich lieber in die Kleingartenf\u00f6rderrichtlinie des Landes stecken w\u00fcrde. Daraus k\u00f6nnen n\u00e4mlich konkrete Ma\u00dfnahmen in den einzelnen Vereinen finanziert werden.<\/p>\n<p>Und wir haben auch Unterst\u00fctzung aus anderen Bereichen: So habe ich angeregt, dass der Landesverband und die Integrationsbeauftrage gemeinsam eine Brosch\u00fcre erarbeiten, die Gefl\u00fcchteten und Menschen mit Migrationshintergrund den Einstieg ins Kleingartenwesen erleichtert. Denn wir haben viele Syrer*innen, Ukrainer*innen, Pol*innen, die in unseren Vereinen Mitglieder sind. Und gleichzeitig wissen wir, dass das Bundeskleingartengesetz so ein Dokument f\u00fcr sich ist.<\/p>\n<p>Es erschlie\u00dft sich eben nicht gleich, warum ein Drittel der Fl\u00e4che f\u00fcr Obst und Gem\u00fcse genutzt werden muss. Warum die Hecke nicht meterhoch sein darf. Warum? Weil Kleing\u00e4rten \u00f6ffentlich zug\u00e4ngliche Orte der Selbstversorgung, der Erholung und des gemeinsamen Miteinanders sind. Es freut mich, dass die Brosch\u00fcre, die es in sieben Sprachen gibt, so gut ankommt, dass sie bereits vergriffen ist. Andere Bundesl\u00e4nder wollen sie \u00fcbernehmen. Und ich h\u00f6rte auch, dass es gro\u00dfen Bedarf f\u00fcr eine polnische \u00dcbersetzung gibt. Lassen Sie uns daher Mittel lieber f\u00fcr solche zielgerichteten Projekte einsetzen als f\u00fcr die Stelle einer oder eines Beauftragten. Deshalb werden wir Ihrem Antrag nicht zustimmen.<\/p>\n","protected":false},"excerpt":{"rendered":"<p>Die Kleing\u00e4rtner*innen in Brandenburg freuen sich heute wie viele andere \u00fcber den lang ersehnten Regen. Auch dort merken wir die Auswirkungen des Klimawandels. Und gleichzeitig sind die Kleing\u00e4rten wertvolle Gr\u00fcnschneisen [&hellip;]<\/p>\n","protected":false},"author":1,"featured_media":0,"comment_status":"open","ping_status":"open","sticky":false,"template":"","format":"standard","meta":{"footnotes":""},"categories":[8,9,1],"tags":[74,72,73],"class_list":["post-1675","post","type-post","status-publish","format-standard","hentry","category-imlandtag","category-meine_reden","category-uncategorized","tag-kleingarten","tag-kultur","tag-umwelt"],"_links":{"self":[{"href":"https:\/\/www.sahra-damus.de\/wordpress\/wp-json\/wp\/v2\/posts\/1675","targetHints":{"allow":["GET"]}}],"collection":[{"href":"https:\/\/www.sahra-damus.de\/wordpress\/wp-json\/wp\/v2\/posts"}],"about":[{"href":"https:\/\/www.sahra-damus.de\/wordpress\/wp-json\/wp\/v2\/types\/post"}],"author":[{"embeddable":true,"href":"https:\/\/www.sahra-damus.de\/wordpress\/wp-json\/wp\/v2\/users\/1"}],"replies":[{"embeddable":true,"href":"https:\/\/www.sahra-damus.de\/wordpress\/wp-json\/wp\/v2\/comments?post=1675"}],"version-history":[{"count":1,"href":"https:\/\/www.sahra-damus.de\/wordpress\/wp-json\/wp\/v2\/posts\/1675\/revisions"}],"predecessor-version":[{"id":1676,"href":"https:\/\/www.sahra-damus.de\/wordpress\/wp-json\/wp\/v2\/posts\/1675\/revisions\/1676"}],"wp:attachment":[{"href":"https:\/\/www.sahra-damus.de\/wordpress\/wp-json\/wp\/v2\/media?parent=1675"}],"wp:term":[{"taxonomy":"category","embeddable":true,"href":"https:\/\/www.sahra-damus.de\/wordpress\/wp-json\/wp\/v2\/categories?post=1675"},{"taxonomy":"post_tag","embeddable":true,"href":"https:\/\/www.sahra-damus.de\/wordpress\/wp-json\/wp\/v2\/tags?post=1675"}],"curies":[{"name":"wp","href":"https:\/\/api.w.org\/{rel}","templated":true}]}}