{"id":1678,"date":"2023-07-06T09:36:27","date_gmt":"2023-07-06T09:36:27","guid":{"rendered":"https:\/\/www.sahra-damus.de\/wordpress\/?p=1678"},"modified":"2023-08-16T15:58:21","modified_gmt":"2023-08-16T15:58:21","slug":"meine-sommertour-2023-hallo-nachbarin-unterwegs-zur-nachbarsprache-polnisch-und-unserem-gemeinsamen-grenzfluss-oder","status":"publish","type":"post","link":"https:\/\/www.sahra-damus.de\/wordpress\/meine-sommertour-2023-hallo-nachbarin-unterwegs-zur-nachbarsprache-polnisch-und-unserem-gemeinsamen-grenzfluss-oder\/","title":{"rendered":"Meine Sommertour 2023: Hallo Nachbar*in &#8211; Unterwegs zur Nachbarsprache Polnisch und unserem gemeinsamen Grenzfluss Oder"},"content":{"rendered":"<p>N\u00e4chste Woche starten die Sommerferien und damit auch die sitzungsfreie Zeit im Landtag. Dass hei\u00dft f\u00fcr mich als Abgeordnete: Zeit f\u00fcr viele spannende Vor-Ort-Termine in meinem Wahlkreis!<br \/>\nDieses Jahr steht meine Sommertour unter dem Motto: &#8220;Hallo Nachbar*in &#8211; Unterwegs zur Nachbarsprache Polnisch und unserem gemeinsamen Grenzfluss Oder&#8221; und ich freue mich auf viele interessante Einblicke und Begegnungen.<br \/>\n<strong><br \/>\n<strong><em>Die einzelnen Termine:<\/em><\/strong><\/strong><\/p>\n<p><strong>11.7. mit der &#8220;Demokratie-Tour&#8221; von Katrin G\u00f6ring-Eckart unterwegs im Oderbruch, Halt an der Neur\u00fcdnitzer Br\u00fccke und Gespr\u00e4ch zur Situation der Oder<\/strong><\/p>\n<p><strong>12.7. Einweihung des Daphnientoximeters in Frankfurt (Oder), mit Umweltminister Axel Vogel<\/strong><\/p>\n<p><strong>13.7. Europa-Universit\u00e4t Viadrina u.a. zu Polnischunterricht<\/strong><\/p>\n<p><strong>14.7. Regionalleitstelle Oderland des Amtes f\u00fcr Brand-, Katastrophenschutz und Rettungswesen in Frankfurt (Oder) mit <a href=\"https:\/\/www.heinerklemp.de\/\">Heiner Klemp<\/a><\/strong><\/p>\n<p><strong>3. August Treffen mit dem Mieterbund zusammen mit Thomas von Gizycki<\/strong><\/p>\n<p><strong>17. August Seelow: Pflege vor Ort und Treffen mit der B\u00fcrgerinitiative gegen Massentierhaltung in Letschin<\/strong><\/p>\n<p><strong>18. August: Volkshochschule Frankfurt (Oder)\u00a0<\/strong><\/p>\n<p><strong>3. September: Polnisch-deutsche F\u00e4hrverbindung Urad &#8211; Aurith\u00a0<\/strong><\/p>\n<p>Von meiner Sommertour berichte ich auch auf <a href=\"https:\/\/www.facebook.com\/sahra.damus\">Facebook<\/a><\/p>\n","protected":false},"excerpt":{"rendered":"<p>N\u00e4chste Woche starten die Sommerferien und damit auch die sitzungsfreie Zeit im Landtag. Dass hei\u00dft f\u00fcr mich als Abgeordnete: Zeit f\u00fcr viele spannende Vor-Ort-Termine in meinem Wahlkreis! Dieses Jahr steht [&hellip;]<\/p>\n","protected":false},"author":1,"featured_media":0,"comment_status":"open","ping_status":"open","sticky":false,"template":"","format":"standard","meta":{"footnotes":""},"categories":[1],"tags":[],"class_list":["post-1678","post","type-post","status-publish","format-standard","hentry","category-uncategorized"],"_links":{"self":[{"href":"https:\/\/www.sahra-damus.de\/wordpress\/wp-json\/wp\/v2\/posts\/1678","targetHints":{"allow":["GET"]}}],"collection":[{"href":"https:\/\/www.sahra-damus.de\/wordpress\/wp-json\/wp\/v2\/posts"}],"about":[{"href":"https:\/\/www.sahra-damus.de\/wordpress\/wp-json\/wp\/v2\/types\/post"}],"author":[{"embeddable":true,"href":"https:\/\/www.sahra-damus.de\/wordpress\/wp-json\/wp\/v2\/users\/1"}],"replies":[{"embeddable":true,"href":"https:\/\/www.sahra-damus.de\/wordpress\/wp-json\/wp\/v2\/comments?post=1678"}],"version-history":[{"count":15,"href":"https:\/\/www.sahra-damus.de\/wordpress\/wp-json\/wp\/v2\/posts\/1678\/revisions"}],"predecessor-version":[{"id":1695,"href":"https:\/\/www.sahra-damus.de\/wordpress\/wp-json\/wp\/v2\/posts\/1678\/revisions\/1695"}],"wp:attachment":[{"href":"https:\/\/www.sahra-damus.de\/wordpress\/wp-json\/wp\/v2\/media?parent=1678"}],"wp:term":[{"taxonomy":"category","embeddable":true,"href":"https:\/\/www.sahra-damus.de\/wordpress\/wp-json\/wp\/v2\/categories?post=1678"},{"taxonomy":"post_tag","embeddable":true,"href":"https:\/\/www.sahra-damus.de\/wordpress\/wp-json\/wp\/v2\/tags?post=1678"}],"curies":[{"name":"wp","href":"https:\/\/api.w.org\/{rel}","templated":true}]}}