{"id":170,"date":"2020-02-26T16:00:04","date_gmt":"2020-02-26T16:00:04","guid":{"rendered":"https:\/\/www.sahra-damus.de\/wordpress?p=170"},"modified":"2020-04-09T07:48:38","modified_gmt":"2020-04-09T07:48:38","slug":"landtag-beschliesst-dialogprozess-fuer-gute-arbeitsbedingungen-in-der-wissenschaft","status":"publish","type":"post","link":"https:\/\/www.sahra-damus.de\/wordpress\/landtag-beschliesst-dialogprozess-fuer-gute-arbeitsbedingungen-in-der-wissenschaft\/","title":{"rendered":"Landtag beschlie\u00dft Dialogprozess f\u00fcr gute Arbeitsbedingungen in der Wissenschaft"},"content":{"rendered":"<p><img loading=\"lazy\" decoding=\"async\" class=\"wp-image-171 aligncenter\" src=\"https:\/\/www.sahra-damus.de\/wordpresswp-content\/uploads\/2020\/04\/landtag-brande-facebook-sharepic-3-300x158.jpg\" alt=\"\" width=\"695\" height=\"366\" srcset=\"https:\/\/www.sahra-damus.de\/wordpress\/wp-content\/uploads\/2020\/04\/landtag-brande-facebook-sharepic-3-300x158.jpg 300w, https:\/\/www.sahra-damus.de\/wordpress\/wp-content\/uploads\/2020\/04\/landtag-brande-facebook-sharepic-3-1024x538.jpg 1024w, https:\/\/www.sahra-damus.de\/wordpress\/wp-content\/uploads\/2020\/04\/landtag-brande-facebook-sharepic-3-768x403.jpg 768w, https:\/\/www.sahra-damus.de\/wordpress\/wp-content\/uploads\/2020\/04\/landtag-brande-facebook-sharepic-3.jpg 1200w\" sizes=\"auto, (max-width: 695px) 100vw, 695px\" \/><\/p>\n<p>Der von uns in die Koalitionsverhandlungen eingebrachte Dialogprozess f\u00fcr gute Arbeit an Hochschulen wird umgesetzt. Seit Jahren steigt im Wissenschaftssystem der Anteil von Befristungen. Lehrende m\u00fcssen immer mehr Stunden unterrichten, was zu Lasten der Betreuung von Studierenden und der Forschung geht.\u00a0Studentische Besch\u00e4ftigte und Lehrbeauftragte fallen nicht unter Tarifvertr\u00e4ge. Noch immer steigen Frauen h\u00e4ufiger aus als auf in der Wissenschaft.<\/p>\n<p>Es ist uns wichtig, die Hochschulleitungen, die Besch\u00e4ftigten, die Studierenden und die Gewerkschaften an einen Tisch zu bringen, auf Augenh\u00f6he, um L\u00f6sungen zu finden, die sowohl Arbeitgeber*innen als auch Arbeitnehmer*innen mittragen k\u00f6nnen.<\/p>\n<p>Das Prinzip Dauerstellen f\u00fcr Daueraufgaben ist in den Hochschulvertr\u00e4gen vereinbart, aber die Umsetzung stockt. Die Wissenschaft wird heute wieder mehr gebraucht denn je. Sie muss gut aufgestellt sein gegen Angriffe auf die Wissenschaftsfreiheit von Rechtsau\u00dfen. Forschung ist wichtig f\u00fcr eine faktenbasierte Auseinandersetzung in unserer Gesellschaft, sei es beim Thema Klimawandel, sei es beim Thema Geschlechtergerechtigkeit. Gute Lehre ist wichtig, um Studierende f\u00fcr Brandenburg zu begeistern und hier zu halten. Und f\u00fcr all das sind faire und verl\u00e4ssliche Arbeitsbedingungen die notwendige Basis.<\/p>\n<p><a class=\"header-link\" href=\"https:\/\/www.gruene-fraktion-brandenburg.de\/im-parlament\/reden\/7-wp\/2020\/sd-200226-wissenschaft\/\" target=\"_self\" rel=\"noopener noreferrer\">&gt;&gt; Sahra Damus spricht zum Antrag &#8220;Codex f\u00fcr \u201eGute Arbeit in der Wissenschaft\u201c jetzt initiieren&#8221;<\/a><\/p>\n<p><a class=\"external-link-new-window\" title=\"Opens internal link in current window\" href=\"https:\/\/www.parlamentsdokumentation.brandenburg.de\/starweb\/LBB\/ELVIS\/parladoku\/w7\/drs\/ab_0700\/732.pdf\" target=\"_blank\" rel=\"noopener noreferrer\">&gt;&gt; Beschlussempfehlung des Ausschusses (pdf-Datei)<\/a><\/p>\n","protected":false},"excerpt":{"rendered":"<p>Der von uns in die Koalitionsverhandlungen eingebrachte Dialogprozess f\u00fcr gute Arbeit an Hochschulen wird umgesetzt. Seit Jahren steigt im Wissenschaftssystem der Anteil von Befristungen. Lehrende m\u00fcssen immer mehr Stunden unterrichten, [&hellip;]<\/p>\n","protected":false},"author":1,"featured_media":0,"comment_status":"open","ping_status":"open","sticky":false,"template":"","format":"standard","meta":{"footnotes":""},"categories":[8],"tags":[],"class_list":["post-170","post","type-post","status-publish","format-standard","hentry","category-imlandtag"],"_links":{"self":[{"href":"https:\/\/www.sahra-damus.de\/wordpress\/wp-json\/wp\/v2\/posts\/170","targetHints":{"allow":["GET"]}}],"collection":[{"href":"https:\/\/www.sahra-damus.de\/wordpress\/wp-json\/wp\/v2\/posts"}],"about":[{"href":"https:\/\/www.sahra-damus.de\/wordpress\/wp-json\/wp\/v2\/types\/post"}],"author":[{"embeddable":true,"href":"https:\/\/www.sahra-damus.de\/wordpress\/wp-json\/wp\/v2\/users\/1"}],"replies":[{"embeddable":true,"href":"https:\/\/www.sahra-damus.de\/wordpress\/wp-json\/wp\/v2\/comments?post=170"}],"version-history":[{"count":2,"href":"https:\/\/www.sahra-damus.de\/wordpress\/wp-json\/wp\/v2\/posts\/170\/revisions"}],"predecessor-version":[{"id":173,"href":"https:\/\/www.sahra-damus.de\/wordpress\/wp-json\/wp\/v2\/posts\/170\/revisions\/173"}],"wp:attachment":[{"href":"https:\/\/www.sahra-damus.de\/wordpress\/wp-json\/wp\/v2\/media?parent=170"}],"wp:term":[{"taxonomy":"category","embeddable":true,"href":"https:\/\/www.sahra-damus.de\/wordpress\/wp-json\/wp\/v2\/categories?post=170"},{"taxonomy":"post_tag","embeddable":true,"href":"https:\/\/www.sahra-damus.de\/wordpress\/wp-json\/wp\/v2\/tags?post=170"}],"curies":[{"name":"wp","href":"https:\/\/api.w.org\/{rel}","templated":true}]}}