{"id":1722,"date":"2023-11-16T09:47:57","date_gmt":"2023-11-16T09:47:57","guid":{"rendered":"https:\/\/www.sahra-damus.de\/wordpress\/?p=1722"},"modified":"2023-11-20T09:53:10","modified_gmt":"2023-11-20T09:53:10","slug":"stationaere-grenzkontrollen-erschwerter-alltag-fuer-die-grenzregion","status":"publish","type":"post","link":"https:\/\/www.sahra-damus.de\/wordpress\/stationaere-grenzkontrollen-erschwerter-alltag-fuer-die-grenzregion\/","title":{"rendered":"Station\u00e4re Grenzkontrollen: Erschwerter Alltag f\u00fcr die Grenzregion"},"content":{"rendered":"<p>Heute gehen die station\u00e4ren Kontrollen an der Grenze zu Polen in die Verl\u00e4ngerung. Zun\u00e4chst werden die Kontrollen weitere 20 Tage stattfinden. F\u00fcr die Verl\u00e4ngerung hatte die Ministerpr\u00e4sidentenkonferenz sich ausgesprochen. Sie hatten dabei jedoch keinerlei R\u00fcckendeckung von den Parlamenten oder den Landesregierungen. Mit der Gewerkschaft der Polizei (GdP) hat sich die B\u00fcndnisgr\u00fcne Landtagsfraktion \u00fcber die Folgen der Grenzkontrollen in der Region ausgetauscht.<!--more--><!--noteaser--><br \/>\nHeute gehen die station\u00e4ren Kontrollen an der Grenze zu Polen in die Verl\u00e4ngerung. Zun\u00e4chst werden die Kontrollen weitere 20 Tage stattfinden. F\u00fcr die Verl\u00e4ngerung hatte die Ministerpr\u00e4sidentenkonferenz sich ausgesprochen. Sie hatten dabei jedoch keinerlei R\u00fcckendeckung von den Parlamenten oder den Landesregierungen. Mit der Gewerkschaft der Polizei (GdP) hat sich die B\u00fcndnisgr\u00fcne Landtagsfraktion \u00fcber die Folgen der Grenzkontrollen in der Region ausgetauscht.<\/p>\n<p>Dazu sagt Sahra Damus, unsere Abgeordnete f\u00fcr Frankfurt (Oder) und M\u00e4rkisch Oderland der Fraktion B\u00dcNDNIS 90\/DIE GR\u00dcNEN:<\/p>\n<p>\u201eBundesinnenministerin Faeser hat sich dem populistischen Druck der Ministerpr\u00e4sident*innen und einzelner Minister*innen gebeugt. Klar ist, die Auswirkungen sind immens: Es gibt jeden Tag lange Staus, die das Leben in der Grenzregion f\u00fcr Pendler*innen, Sch\u00fcler*innen und Studierende erschweren. Die Praxisberichte zeigen, dass von einem Erfolg der Kontrollen keine Rede sein kann. Sie f\u00fchren zu sogenanntem \u201eBeifang\u201c, das hei\u00dft, auch Menschen, die etwa illegal Pyrotechnik nach Brandenburg einf\u00fchren, werden mitgez\u00e4hlt. Mir ist keine seri\u00f6se Aufschl\u00fcsselung der Zahlen bekannt. Zudem sehen wir Ausweichbewegungen: Schleuser wissen jetzt, wo die Kr\u00e4fte konzentriert sind und suchen sich andere Routen oder setzen die Gefl\u00fcchteten vorher aus, damit sie zu Fu\u00df die Grenze \u00fcberqueren. Dies geschieht auch an der gr\u00fcnen Grenze.<\/p>\n<p>Die Anzahl der Asylantr\u00e4ge in Deutschland ist gestiegen, trotz der Kontrollen, das zeigt, dass es sich um reine Symbolpolitik handelt, um am rechten Rand zu fischen. Wir wissen sogar, dass durch die Kontrollen nun Menschen in Brandenburg registriert wurden, die eigentlich in anderen Bundesl\u00e4ndern oder anderen EU-Staaten Asyl beantragen wollten. Wir ziehen uns also in Brandenburg sogar mehr F\u00e4lle auf den Tisch. Als B\u00fcndnisgr\u00fcne bleiben wir dabei, dass das Recht auf Asyl unangetastet bleiben muss.\u201c<\/p>\n<p>Der arbeitspolitische Sprecher Clemens Rostock aus Eisenh\u00fcttenstadt erg\u00e4nzt:<\/p>\n<p>&#8220;Weil an den Grenzen die infrastrukturellen Voraussetzungen f\u00fcr dauerhafte Grenzkontrollen gar nicht mehr gegeben sind, arbeiten die abgeordneten Grenzkontrolleure unter nicht hinnehmbaren Umst\u00e4nden. Innenminister St\u00fcbgen l\u00e4sst die Bundespolizistinnen im wahrsten Sinne des Wortes im Regen stehen. Auch die Toilettensituation ist unertr\u00e4glich. Dar\u00fcber hinaus m\u00fcssen die Bundespolizisten viel Geld f\u00fcr Reise- und Unterbringungskosten auslegen und lange auf Erstattungen warten. Die Grenzkontrollen bringen also nicht nur nichts, sie werden auch auf dem R\u00fccken der Grenzkontrolleurinnen durchgef\u00fchrt.&#8221;<\/p>\n","protected":false},"excerpt":{"rendered":"<p>Heute gehen die station\u00e4ren Kontrollen an der Grenze zu Polen in die Verl\u00e4ngerung. Zun\u00e4chst werden die Kontrollen weitere 20 Tage stattfinden. F\u00fcr die Verl\u00e4ngerung hatte die Ministerpr\u00e4sidentenkonferenz sich ausgesprochen. Sie [&hellip;]<\/p>\n","protected":false},"author":1,"featured_media":0,"comment_status":"open","ping_status":"open","sticky":false,"template":"","format":"standard","meta":{"footnotes":""},"categories":[1,7],"tags":[79,82,77],"class_list":["post-1722","post","type-post","status-publish","format-standard","hentry","category-uncategorized","category-pressemitteilungen","tag-europaeische-union","tag-grenzkontrollen","tag-polen"],"_links":{"self":[{"href":"https:\/\/www.sahra-damus.de\/wordpress\/wp-json\/wp\/v2\/posts\/1722","targetHints":{"allow":["GET"]}}],"collection":[{"href":"https:\/\/www.sahra-damus.de\/wordpress\/wp-json\/wp\/v2\/posts"}],"about":[{"href":"https:\/\/www.sahra-damus.de\/wordpress\/wp-json\/wp\/v2\/types\/post"}],"author":[{"embeddable":true,"href":"https:\/\/www.sahra-damus.de\/wordpress\/wp-json\/wp\/v2\/users\/1"}],"replies":[{"embeddable":true,"href":"https:\/\/www.sahra-damus.de\/wordpress\/wp-json\/wp\/v2\/comments?post=1722"}],"version-history":[{"count":4,"href":"https:\/\/www.sahra-damus.de\/wordpress\/wp-json\/wp\/v2\/posts\/1722\/revisions"}],"predecessor-version":[{"id":1726,"href":"https:\/\/www.sahra-damus.de\/wordpress\/wp-json\/wp\/v2\/posts\/1722\/revisions\/1726"}],"wp:attachment":[{"href":"https:\/\/www.sahra-damus.de\/wordpress\/wp-json\/wp\/v2\/media?parent=1722"}],"wp:term":[{"taxonomy":"category","embeddable":true,"href":"https:\/\/www.sahra-damus.de\/wordpress\/wp-json\/wp\/v2\/categories?post=1722"},{"taxonomy":"post_tag","embeddable":true,"href":"https:\/\/www.sahra-damus.de\/wordpress\/wp-json\/wp\/v2\/tags?post=1722"}],"curies":[{"name":"wp","href":"https:\/\/api.w.org\/{rel}","templated":true}]}}