{"id":1732,"date":"2023-12-12T12:21:55","date_gmt":"2023-12-12T12:21:55","guid":{"rendered":"https:\/\/www.sahra-damus.de\/wordpress\/?p=1732"},"modified":"2023-12-12T12:26:11","modified_gmt":"2023-12-12T12:26:11","slug":"pressemitteilung-online-umfrage-zum-re1-gestartet","status":"publish","type":"post","link":"https:\/\/www.sahra-damus.de\/wordpress\/pressemitteilung-online-umfrage-zum-re1-gestartet\/","title":{"rendered":"Pressemitteilung: Online-Umfrage zum RE1 gestartet"},"content":{"rendered":"<p><img loading=\"lazy\" decoding=\"async\" class=\" wp-image-1734 alignleft\" src=\"https:\/\/www.sahra-damus.de\/wordpress\/wp-content\/uploads\/2023\/12\/Sharepic_RE1_insta-300x300.png\" alt=\"\" width=\"148\" height=\"148\" srcset=\"https:\/\/www.sahra-damus.de\/wordpress\/wp-content\/uploads\/2023\/12\/Sharepic_RE1_insta-300x300.png 300w, https:\/\/www.sahra-damus.de\/wordpress\/wp-content\/uploads\/2023\/12\/Sharepic_RE1_insta-1024x1024.png 1024w, https:\/\/www.sahra-damus.de\/wordpress\/wp-content\/uploads\/2023\/12\/Sharepic_RE1_insta-150x150.png 150w, https:\/\/www.sahra-damus.de\/wordpress\/wp-content\/uploads\/2023\/12\/Sharepic_RE1_insta-768x768.png 768w, https:\/\/www.sahra-damus.de\/wordpress\/wp-content\/uploads\/2023\/12\/Sharepic_RE1_insta.png 1080w\" sizes=\"auto, (max-width: 148px) 100vw, 148px\" \/>Vor einem Jahr hat die Ostdeutsche Eisenbahngesellschaft (ODEG) den RE1 \u00fcbernommen. Mit erweiterter Taktung, dreimal pro Stunde. \u201eAus eigener Erfahrung und aus Zuschriften von B\u00fcrger*innen wissen wir, dass noch nicht alles rund l\u00e4uft. Wir starten eine Umfrage und besprechen im Januar die Ergebnisse mit der ODEG und der Deutschen Bahn. Gleich mitmachen!<\/p>\n<p>&nbsp;<\/p>\n<p>&nbsp;<\/p>\n<p><!--more--><!--noteaser--><img loading=\"lazy\" decoding=\"async\" class=\" wp-image-1734 alignleft\" src=\"https:\/\/www.sahra-damus.de\/wordpress\/wp-content\/uploads\/2023\/12\/Sharepic_RE1_insta-300x300.png\" alt=\"\" width=\"344\" height=\"344\" srcset=\"https:\/\/www.sahra-damus.de\/wordpress\/wp-content\/uploads\/2023\/12\/Sharepic_RE1_insta-300x300.png 300w, https:\/\/www.sahra-damus.de\/wordpress\/wp-content\/uploads\/2023\/12\/Sharepic_RE1_insta-1024x1024.png 1024w, https:\/\/www.sahra-damus.de\/wordpress\/wp-content\/uploads\/2023\/12\/Sharepic_RE1_insta-150x150.png 150w, https:\/\/www.sahra-damus.de\/wordpress\/wp-content\/uploads\/2023\/12\/Sharepic_RE1_insta-768x768.png 768w, https:\/\/www.sahra-damus.de\/wordpress\/wp-content\/uploads\/2023\/12\/Sharepic_RE1_insta.png 1080w\" sizes=\"auto, (max-width: 344px) 100vw, 344px\" \/>Presseinformation der Fraktion B\u00dcNDNIS 90\/DIE GR\u00dcNEN im Brandenburger Landtag<br \/>\nOnline-Umfrage zum RE1 gestartet<br \/>\nPotsdam, 12.12.2023<br \/>\nVor einem Jahr hat die Ostdeutsche Eisenbahngesellschaft (ODEG) den RE1 \u00fcbernommen. Mit erweiterter Taktung, dreimal pro Stunde. \u201eAus eigener Erfahrung und aus Zuschriften von B\u00fcrger*innen wissen wir, dass noch nicht alles rund l\u00e4uft: Z\u00fcge fallen aus, der Schienenersatzverkehr (SEV) bei Bauarbeiten ist nicht gut organisiert, Anzeigen an den Bahnh\u00f6fen die Ausk\u00fcnfte der Fahrplan-App des Verkehrsverbund Berlin-Brandenburg (VBB) stimmen nicht. Netz, Bahnh\u00f6fe, Anzeigetafeln geh\u00f6ren weiterhin der Deutschen Bahn\u201c, sagt Sahra Damus, Abgeordnete f\u00fcr Frankfurt (Oder) und M\u00e4rkisch-Oderland der Fraktion B\u00dcNDNIS 90\/DIE GR\u00dcNEN im Brandenburger Landtag.<br \/>\nDer verkehrspolitische Sprecher der Fraktion, Clemens Rostock, erkl\u00e4rt: \u201eWir wollen mit der ODEG, der Deutschen Bahn (DB) und dem VBB in den Austausch gehen. Wir werden \u00fcber die Erfahrungen der Bahnfahrenden informieren und Verbesserungen vorschlagen. Daf\u00fcr brauchen wir die Schwarmintelligenz der Bahnfahrenden: Wir haben eine Online-Umfrage gestartet. Kund*innen des RE 1 sind gefragt, welche Erfahrungen sie mit den neuen Z\u00fcgen und dem neuen Takt gemacht haben.\u201c<br \/>\nDie Umfrage endet am 31. Dezember 2023. In den Austausch mit ODEG, DB und dem VBB gehen die beiden MdL im Neuen Jahr.<br \/>\n<a href=\"https:\/\/docs.google.com\/forms\/d\/1u_kTvhmtC-I-DBoEF99wELcp30MRs8Nh5Lc-kK57R_4\/viewform?pli=1&amp;pli=1&amp;edit_requested=true\">Hier geht es zur Umfrage.<\/a><\/p>\n","protected":false},"excerpt":{"rendered":"<p>Vor einem Jahr hat die Ostdeutsche Eisenbahngesellschaft (ODEG) den RE1 \u00fcbernommen. Mit erweiterter Taktung, dreimal pro Stunde. \u201eAus eigener Erfahrung und aus Zuschriften von B\u00fcrger*innen wissen wir, dass noch nicht [&hellip;]<\/p>\n","protected":false},"author":1,"featured_media":0,"comment_status":"open","ping_status":"open","sticky":false,"template":"","format":"standard","meta":{"footnotes":""},"categories":[8,7],"tags":[86,29,87,85,28],"class_list":["post-1732","post","type-post","status-publish","format-standard","hentry","category-imlandtag","category-pressemitteilungen","tag-bahn","tag-mobilitaet","tag-nahverkehr","tag-odeg","tag-oepnv"],"_links":{"self":[{"href":"https:\/\/www.sahra-damus.de\/wordpress\/wp-json\/wp\/v2\/posts\/1732","targetHints":{"allow":["GET"]}}],"collection":[{"href":"https:\/\/www.sahra-damus.de\/wordpress\/wp-json\/wp\/v2\/posts"}],"about":[{"href":"https:\/\/www.sahra-damus.de\/wordpress\/wp-json\/wp\/v2\/types\/post"}],"author":[{"embeddable":true,"href":"https:\/\/www.sahra-damus.de\/wordpress\/wp-json\/wp\/v2\/users\/1"}],"replies":[{"embeddable":true,"href":"https:\/\/www.sahra-damus.de\/wordpress\/wp-json\/wp\/v2\/comments?post=1732"}],"version-history":[{"count":5,"href":"https:\/\/www.sahra-damus.de\/wordpress\/wp-json\/wp\/v2\/posts\/1732\/revisions"}],"predecessor-version":[{"id":1738,"href":"https:\/\/www.sahra-damus.de\/wordpress\/wp-json\/wp\/v2\/posts\/1732\/revisions\/1738"}],"wp:attachment":[{"href":"https:\/\/www.sahra-damus.de\/wordpress\/wp-json\/wp\/v2\/media?parent=1732"}],"wp:term":[{"taxonomy":"category","embeddable":true,"href":"https:\/\/www.sahra-damus.de\/wordpress\/wp-json\/wp\/v2\/categories?post=1732"},{"taxonomy":"post_tag","embeddable":true,"href":"https:\/\/www.sahra-damus.de\/wordpress\/wp-json\/wp\/v2\/tags?post=1732"}],"curies":[{"name":"wp","href":"https:\/\/api.w.org\/{rel}","templated":true}]}}