{"id":174,"date":"2020-02-14T12:00:42","date_gmt":"2020-02-14T12:00:42","guid":{"rendered":"https:\/\/www.sahra-damus.de\/wordpress?p=174"},"modified":"2020-04-09T07:52:25","modified_gmt":"2020-04-09T07:52:25","slug":"infobesuch-in-der-ausenstelle-der-btu-cottbus-in-bad-saarow-zum-gewaesserschutz","status":"publish","type":"post","link":"https:\/\/www.sahra-damus.de\/wordpress\/infobesuch-in-der-ausenstelle-der-btu-cottbus-in-bad-saarow-zum-gewaesserschutz\/","title":{"rendered":"Infobesuch in der Ausenstelle der BTU Cottbus in Bad Saarow zum Gew\u00e4sserschutz"},"content":{"rendered":"<p><img loading=\"lazy\" decoding=\"async\" class=\"wp-image-175 aligncenter\" src=\"https:\/\/www.sahra-damus.de\/wordpresswp-content\/uploads\/2020\/04\/Bad_Saarow_Frau_Nixdorf-300x225.jpg\" alt=\"\" width=\"456\" height=\"342\" srcset=\"https:\/\/www.sahra-damus.de\/wordpress\/wp-content\/uploads\/2020\/04\/Bad_Saarow_Frau_Nixdorf-300x225.jpg 300w, https:\/\/www.sahra-damus.de\/wordpress\/wp-content\/uploads\/2020\/04\/Bad_Saarow_Frau_Nixdorf-768x576.jpg 768w, https:\/\/www.sahra-damus.de\/wordpress\/wp-content\/uploads\/2020\/04\/Bad_Saarow_Frau_Nixdorf.jpg 960w\" sizes=\"auto, (max-width: 456px) 100vw, 456px\" \/><\/p>\n<p>Heute in der Au\u00dfenstelle der BTU Cottbus in Bad Saarow: Prof. Nixdorf forscht mit ihrem Team am Lehrstuhl Gew\u00e4sserschutz zu den Einfl\u00fcssen von Tagebauen, Klimawandel und Landwirtschaft auf unsere Seen und Fl\u00fcsse.<\/p>\n<p>Ich habe mich einerseits \u00fcber das geplante Forschungsprojekt zum Kliestower See in Frankfurt erkundigt, der bereits mehrmals umgekippt ist und stark mit Phosphat belastet ist. Er soll nun zum Modellprojekt werden. Daumen dr\u00fccken, dass es den Zuschlag f\u00fcr die F\u00f6rderung gibt!<\/p>\n<p>Zusammen mit\u00a0<a class=\"profileLink\" title=\"Isabell Hiekel\" href=\"https:\/\/www.facebook.com\/isabell.hiekel.9?__tn__=%2CdK-R-R&amp;eid=ARAQV74xwo951Pl7Nqwsm-stgVCmtWqwZFvMBetqt2ekfNYnLrNV3Tt26qX-cbiMcG5aGp2M5YxTPXZp&amp;fref=mentions\" data-hovercard=\"\/ajax\/hovercard\/user.php?id=100037383863206&amp;extragetparams=%7B%22__tn__%22%3A%22%2CdK-R-R%22%2C%22eid%22%3A%22ARAQV74xwo951Pl7Nqwsm-stgVCmtWqwZFvMBetqt2ekfNYnLrNV3Tt26qX-cbiMcG5aGp2M5YxTPXZp%22%2C%22fref%22%3A%22mentions%22%7D\" data-hovercard-prefer-more-content-show=\"1\">Isabell Hiekel<\/a>\u00a0haben wir au\u00dferdem \u00fcber die Lausitz gesprochen \u2013 reicht das Wasser, um all die neuen Seen zu speisen? Besteht die Gefahr, dass dann Fl\u00fcsse austrocknen? Hier gibt es noch gro\u00dfen Forschungsbedarf. Au\u00dferdem an der Therme und dem alten Moorbad vorbeispaziert.<\/p>\n","protected":false},"excerpt":{"rendered":"<p>Heute in der Au\u00dfenstelle der BTU Cottbus in Bad Saarow: Prof. Nixdorf forscht mit ihrem Team am Lehrstuhl Gew\u00e4sserschutz zu den Einfl\u00fcssen von Tagebauen, Klimawandel und Landwirtschaft auf unsere Seen [&hellip;]<\/p>\n","protected":false},"author":1,"featured_media":0,"comment_status":"open","ping_status":"open","sticky":false,"template":"","format":"standard","meta":{"footnotes":""},"categories":[10],"tags":[],"class_list":["post-174","post","type-post","status-publish","format-standard","hentry","category-mitteilung"],"_links":{"self":[{"href":"https:\/\/www.sahra-damus.de\/wordpress\/wp-json\/wp\/v2\/posts\/174","targetHints":{"allow":["GET"]}}],"collection":[{"href":"https:\/\/www.sahra-damus.de\/wordpress\/wp-json\/wp\/v2\/posts"}],"about":[{"href":"https:\/\/www.sahra-damus.de\/wordpress\/wp-json\/wp\/v2\/types\/post"}],"author":[{"embeddable":true,"href":"https:\/\/www.sahra-damus.de\/wordpress\/wp-json\/wp\/v2\/users\/1"}],"replies":[{"embeddable":true,"href":"https:\/\/www.sahra-damus.de\/wordpress\/wp-json\/wp\/v2\/comments?post=174"}],"version-history":[{"count":4,"href":"https:\/\/www.sahra-damus.de\/wordpress\/wp-json\/wp\/v2\/posts\/174\/revisions"}],"predecessor-version":[{"id":179,"href":"https:\/\/www.sahra-damus.de\/wordpress\/wp-json\/wp\/v2\/posts\/174\/revisions\/179"}],"wp:attachment":[{"href":"https:\/\/www.sahra-damus.de\/wordpress\/wp-json\/wp\/v2\/media?parent=174"}],"wp:term":[{"taxonomy":"category","embeddable":true,"href":"https:\/\/www.sahra-damus.de\/wordpress\/wp-json\/wp\/v2\/categories?post=174"},{"taxonomy":"post_tag","embeddable":true,"href":"https:\/\/www.sahra-damus.de\/wordpress\/wp-json\/wp\/v2\/tags?post=174"}],"curies":[{"name":"wp","href":"https:\/\/api.w.org\/{rel}","templated":true}]}}