{"id":1778,"date":"2024-01-11T13:40:13","date_gmt":"2024-01-11T13:40:13","guid":{"rendered":"https:\/\/www.sahra-damus.de\/wordpress\/?p=1778"},"modified":"2024-01-11T13:43:06","modified_gmt":"2024-01-11T13:43:06","slug":"pressemitteilung-rueckbau-des-generalshotels-hat-begonnen","status":"publish","type":"post","link":"https:\/\/www.sahra-damus.de\/wordpress\/pressemitteilung-rueckbau-des-generalshotels-hat-begonnen\/","title":{"rendered":"Pressemitteilung: R\u00fcckbau des Generalshotels hat begonnen"},"content":{"rendered":"<p><img loading=\"lazy\" decoding=\"async\" class=\"wp-image-1780 alignleft\" src=\"https:\/\/www.sahra-damus.de\/wordpress\/wp-content\/uploads\/2024\/01\/P3201583-300x225.jpg\" alt=\"\" width=\"229\" height=\"172\" srcset=\"https:\/\/www.sahra-damus.de\/wordpress\/wp-content\/uploads\/2024\/01\/P3201583-300x225.jpg 300w, https:\/\/www.sahra-damus.de\/wordpress\/wp-content\/uploads\/2024\/01\/P3201583-1024x768.jpg 1024w, https:\/\/www.sahra-damus.de\/wordpress\/wp-content\/uploads\/2024\/01\/P3201583-768x576.jpg 768w, https:\/\/www.sahra-damus.de\/wordpress\/wp-content\/uploads\/2024\/01\/P3201583-1536x1152.jpg 1536w, https:\/\/www.sahra-damus.de\/wordpress\/wp-content\/uploads\/2024\/01\/P3201583-2048x1536.jpg 2048w\" sizes=\"auto, (max-width: 229px) 100vw, 229px\" \/><\/p>\n<p>Medienberichten zufolge hat der &#8220;R\u00fcckbau der Geb\u00e4udeh\u00fclle&#8221; des<br \/>\nGeneralshotels in dieser Woche begonnen.<br \/>\nMitglieder der partei- und parlaments\u00fcbergreifenden Initiative<br \/>\n&#8220;Generalshotel retten!&#8221; kommentieren dies nach 11 Monaten Kampf um den<br \/>\nErhalt des Generalshotels wie folgt<\/p>\n<p>&nbsp;<\/p>\n<p><!--more--><!--noteaser-->Pressemitteilung<br \/>\nInitiative &#8220;Generalshotel retten!&#8221;<br \/>\nhttps:\/\/generalshotelretten.blog<br \/>\n10.01.2024<\/p>\n<p>Medienberichten zufolge hat der &#8220;R\u00fcckbau der Geb\u00e4udeh\u00fclle&#8221; des<br \/>\nGeneralshotels in dieser Woche begonnen.<br \/>\nMitglieder der partei- und parlaments\u00fcbergreifenden Initiative<br \/>\n&#8220;Generalshotel retten!&#8221; kommentieren dies nach 11 Monaten Kampf um den<br \/>\nErhalt des Generalshotels wie folgt:<\/p>\n<p>Sahra Damus, Landtagsabgeordnete B\u00fcndnis 90\/Die Gr\u00fcnen Brandenburg:<br \/>\n\u201eDie Bilder schmerzen. Der Abriss des intakten, denkmalgesch\u00fctzten<br \/>\nGeneralshotels ist auf so vielen Ebenen falsch. Das<br \/>\nZust\u00e4ndigkeits-Ping-Pong innerhalb der Bundesregierung und die<br \/>\nanschlie\u00dfende Gespr\u00e4chsverweigerung des Bundesfinanzministers mit<br \/>\nunserer Initiative waren besch\u00e4mend. Der BER-Planfeststellungsbeschluss<br \/>\nwird in den n\u00e4chsten Monaten ge\u00e4ndert. Dies ist aufgrund des Umzug der<br \/>\nRegierungsstaffel n\u00f6tig. Bis zum Schluss wurde unsere Frage nicht<br \/>\nbeantwortet, warum dies nicht genutzt wird, um Fl\u00e4chen und<br \/>\nWegebeziehungen auf dem Gel\u00e4nde insgesamt noch einmal neu zu ordnen und<br \/>\ndem wertvollen Geb\u00e4ude eine Nachnutzungsm\u00f6glichkeit als k\u00fcnftiges<br \/>\nDienstgeb\u00e4ude f\u00fcr die Mitarbeitenden der Regierungsstaffel zu<br \/>\nerm\u00f6glichen und die Abrissgenehmigung des Generalshotels aufzuheben.\u201c<\/p>\n<p>Ayhan Ayrilmaz, Vorstandsmitglied ICOMOS Deutschland:<br \/>\n\u201eDer Kampf um den Erhalt des denkmalgesch\u00fctzten Generalshotels scheint<br \/>\nverloren. ICOMOS setzt sich auf \u00fcberregionaler und internationaler Ebene<br \/>\nf\u00fcr die Erhaltung von Denkm\u00e4lern und Kulturlandschaften ein und muss<br \/>\nleidvoll feststellen, das trotz \u00f6ffentlicher Bekenntnisse aus Politik<br \/>\nund Gesellschaft zum Erhalt von Denkm\u00e4lern und Bestandsgeb\u00e4uden, zur<br \/>\nWertsch\u00e4tzung von Baukultur und \u201eGoldener Energie&#8221;, zunehmend<br \/>\nAbrisspl\u00e4ne von Bestandsgeb\u00e4uden und Bau- und Gartendenkm\u00e4lern<br \/>\nvoranschreiten. Wir werden nicht aufh\u00f6ren, Politik und Gesellschaft in<br \/>\nErinnerung zu rufen, dass Denkmalschutz und Bestandserhalt das Fundament<br \/>\nunserer Baukultur und Identit\u00e4t darstellen und einen wichtigen Baustein<br \/>\nzum Klimaschutz und zur vielbeschworenen Bauwende beitragen. Sinnlose<br \/>\nAbrisse, wie die des Generalshotels werden bei zuk\u00fcnftigen Debatten als<br \/>\ntrauriges Mahnmal herangezogen werden.&#8221;<\/p>\n<p>Theresa Keilhacker, Pr\u00e4sidentin der Architektenkammer Berlin:<br \/>\n\u201eIn der Planungsgeschichte des BER wurde der Planfeststellungsbeschluss<br \/>\n20 Mal ge\u00e4ndert &#8211; zuletzt 2011. Es lagen viele planerische Vorschl\u00e4ge<br \/>\nauf dem Tisch, die notwendige 21. \u00c4nderung des<br \/>\nPlanfeststellungsbeschlusses zu nutzen, um das baukulturhistorisch so<br \/>\nwertvolle Generalshotel zu erhalten und in die zuk\u00fcnftige Nutzung des<br \/>\nBER-Gel\u00e4ndes zu integrieren. Es bleibt das Geheimnis des<br \/>\nBundesfinanzministers, warum er nicht intervenierte, dass f\u00fcr 2,7<br \/>\nMillionen Euro Abrisskosten Tatsachen geschaffen werden, bevor diese<br \/>\nVorschl\u00e4ge diskutiert werden. Die k\u00fcnftigen Flugzeug-Stellfl\u00e4chen an der<br \/>\nheutigen Stelle des Generalshotels werden uns an dieses Versagen stets<br \/>\nerinnern.\u201c<\/p>\n<p>Reinhold Dellmann, Vorsitzender Landesdenkmalbeirat Brandenburg:<br \/>\n&#8220;Der Abriss des Generalshotels ist nicht nur ein baukultureller Verlust,<br \/>\ner ist auch ein Armutszeugnis des Eigent\u00fcmers. Lehren m\u00fcssen daraus<br \/>\ngezogen werden. Schon heute droht der Verlust eines weiteren bedeutsamen<br \/>\nDenkmals im Umland von Berlin, konkret geht es um den Abriss von<br \/>\nBogensee. Die Planungen des Eigent\u00fcmers Berlin m\u00fcssen gestoppt werden.<br \/>\nNotwendig ist ein gemeinsamer Prozess unter Federf\u00fchrung Berlins mit dem<br \/>\nLand Brandenburg, der Gemeinde Wandlitz, dem Landkreis Barnim und ggf.<br \/>\nauch der Beteiligung des Bundes, um zu einer tragf\u00e4higen Nutzungsidee<br \/>\nf\u00fcr das erhaltenswerte Areal im Nordosten Berlins zu kommen.&#8221;<\/p>\n","protected":false},"excerpt":{"rendered":"<p>Medienberichten zufolge hat der &#8220;R\u00fcckbau der Geb\u00e4udeh\u00fclle&#8221; des Generalshotels in dieser Woche begonnen. Mitglieder der partei- und parlaments\u00fcbergreifenden Initiative &#8220;Generalshotel retten!&#8221; kommentieren dies nach 11 Monaten Kampf um den Erhalt [&hellip;]<\/p>\n","protected":false},"author":1,"featured_media":0,"comment_status":"open","ping_status":"open","sticky":false,"template":"","format":"standard","meta":{"footnotes":""},"categories":[1,7],"tags":[101,100,72],"class_list":["post-1778","post","type-post","status-publish","format-standard","hentry","category-uncategorized","category-pressemitteilungen","tag-ddr-aufarbeitung","tag-generalshotel","tag-kultur"],"_links":{"self":[{"href":"https:\/\/www.sahra-damus.de\/wordpress\/wp-json\/wp\/v2\/posts\/1778","targetHints":{"allow":["GET"]}}],"collection":[{"href":"https:\/\/www.sahra-damus.de\/wordpress\/wp-json\/wp\/v2\/posts"}],"about":[{"href":"https:\/\/www.sahra-damus.de\/wordpress\/wp-json\/wp\/v2\/types\/post"}],"author":[{"embeddable":true,"href":"https:\/\/www.sahra-damus.de\/wordpress\/wp-json\/wp\/v2\/users\/1"}],"replies":[{"embeddable":true,"href":"https:\/\/www.sahra-damus.de\/wordpress\/wp-json\/wp\/v2\/comments?post=1778"}],"version-history":[{"count":6,"href":"https:\/\/www.sahra-damus.de\/wordpress\/wp-json\/wp\/v2\/posts\/1778\/revisions"}],"predecessor-version":[{"id":1785,"href":"https:\/\/www.sahra-damus.de\/wordpress\/wp-json\/wp\/v2\/posts\/1778\/revisions\/1785"}],"wp:attachment":[{"href":"https:\/\/www.sahra-damus.de\/wordpress\/wp-json\/wp\/v2\/media?parent=1778"}],"wp:term":[{"taxonomy":"category","embeddable":true,"href":"https:\/\/www.sahra-damus.de\/wordpress\/wp-json\/wp\/v2\/categories?post=1778"},{"taxonomy":"post_tag","embeddable":true,"href":"https:\/\/www.sahra-damus.de\/wordpress\/wp-json\/wp\/v2\/tags?post=1778"}],"curies":[{"name":"wp","href":"https:\/\/api.w.org\/{rel}","templated":true}]}}