{"id":1792,"date":"2024-01-23T08:10:28","date_gmt":"2024-01-23T08:10:28","guid":{"rendered":"https:\/\/www.sahra-damus.de\/wordpress\/?p=1792"},"modified":"2024-01-24T08:23:40","modified_gmt":"2024-01-24T08:23:40","slug":"pressemitteilung-wende-im-streit-um-die-geplante-faellung-von-uralten-baeumen-auf-der-b-167-buendnisgruene-erleichtert-einstellung-des-verfahrens-gefordert","status":"publish","type":"post","link":"https:\/\/www.sahra-damus.de\/wordpress\/pressemitteilung-wende-im-streit-um-die-geplante-faellung-von-uralten-baeumen-auf-der-b-167-buendnisgruene-erleichtert-einstellung-des-verfahrens-gefordert\/","title":{"rendered":"Pressemitteilung: Wende im Streit um die geplante F\u00e4llung von uralten B\u00e4umen auf der B  167"},"content":{"rendered":"<p>Ostbrandenburger B\u00fcndnisgr\u00fcne sind erleichtert, weil der Landkreis ihrer Forderung nach Einrichtung eines Tempolimits nachkommt. Medienberichten nach hat die Kreisverwaltung auf der Bundestra\u00dfe 167 bei Gusow die H\u00f6chstgeschwindigkeit von derzeit 70 Kilometer pro Stunde auf 50 Kilometer pro Stunde herabgesetzt. Der Landesbetrieb f\u00fcr Stra\u00dfenwesen hat nun die Anordnung kurzfristig umsetzen.\u201eZum Schluss war wohl der Druck einfach zu gro\u00df. Wir sind unglaublich erleichtert, dass die Verwaltung reagiert hat\u201c, sagt die B\u00fcndnisgr\u00fcne Susanne Altvater,Mitglied im Bauausschuss des Kreistages von M\u00e4rkisch-Oderland.<!--more--><!--noteaser--><br \/>\nPressemitteilung<br \/>\nSahra Damus, Landtagsabgeordnete B 90\/Die Gr\u00fcnen, Frankfurt (Oder)<br \/>\n23.01.2024<\/p>\n<p>Wende im Streit um die geplante F\u00e4llung von uralten B\u00e4umen auf der B<br \/>\n167: B\u00fcndnisgr\u00fcne erleichtert, Einstellung des Verfahrens gefordert<\/p>\n<p>\u2028Ostbrandenburger B\u00fcndnisgr\u00fcne sind erleichtert, weil der Landkreis<br \/>\nihrer Forderung nach Einrichtung eines Tempolimits nachkommt.<br \/>\nMedienberichten nach hat die Kreisverwaltung auf der Bundestra\u00dfe 167 bei<br \/>\nGusow die H\u00f6chstgeschwindigkeit von derzeit 70 Kilometer pro Stunde auf<br \/>\n50 Kilometer pro Stunde herabgesetzt. Der Landesbetrieb f\u00fcr Stra\u00dfenwesen<br \/>\nhat nun die Anordnung kurzfristig umsetzen.<\/p>\n<p>\u201eZum Schluss war wohl der Druck einfach zu gro\u00df. Wir sind unglaublich<br \/>\nerleichtert, dass die Verwaltung reagiert hat\u201c, sagt die B\u00fcndnisgr\u00fcne<br \/>\nSusanne Altvater, Mitglied im Bauausschuss des Kreistages von<br \/>\nM\u00e4rkisch-Oderland.<\/p>\n<p>Anfang Januar hatten die B\u00fcndnisgr\u00fcne Landtagsabgeordnete Sahra Damus<br \/>\naus Frankfurt (Oder) und die B\u00fcndnisgr\u00fcne Kreistagsabgeordnete Susanne<br \/>\nAltvater zu einer Begehung des umstrittenen Abschnittes eingeladen, bei<br \/>\ndem Anwohner, Vertreter der Kommunalpolitik aber auch das Landesamt f\u00fcr<br \/>\nUmwelt teilweise erhebliche Kritik an der geplanten F\u00e4llung von 75 sehr<br \/>\nalten Stileichen \u00e4u\u00dferten.<\/p>\n<p>\u201eWir erwarten nun von der Stra\u00dfenbeh\u00f6rde, dass sie nach der Entscheidung<br \/>\nf\u00fcr ein Tempolimit von den Pl\u00e4nen zur Verbreiterung Abstand nimmt und<br \/>\ndas Verfahren einstellt\u201c, so Sahra Damus.<\/p>\n<p>Hintergrund:<\/p>\n<p>Um in einer Kurve die Bundestra\u00dfe 167 um 10 Zentimeter zu verbreitern,<br \/>\nsollten uralte Stieleichen gef\u00e4llt werden, die bis zu 1000 Jahre alt<br \/>\nwerden k\u00f6nnen. Die Beh\u00f6rde begr\u00fcndete das Vorgehen mit einem<br \/>\nUnfallschwerpunkt aufgrund der hohen Geschwindigkeit. Jedoch gab es an<br \/>\ndieser Darstellung Zweifel. Es wurden anscheinend auch Unf\u00e4lle<br \/>\nmitgez\u00e4hlt, die sich vor der Kurve ereigneten oder an einer tempor\u00e4ren<br \/>\nBaustellenampel. Insgesamt sollte es dabei um 75 Stra\u00dfenb\u00e4ume gehen.<br \/>\nGegen die Pl\u00e4ne  gab es partei\u00fcbergreifenden Protest von Kommunen,<br \/>\nUmweltverb\u00e4nden und der Politik.<\/p>\n<p>Mehr Informationen:<br \/>\n\u2028https:\/\/www.rbb24.de\/panorama\/beitrag\/2024\/01\/b167-oderbruch-alleebaeume-gerettet-tempolimit-seelow-gusow.html\u2028<\/p>\n","protected":false},"excerpt":{"rendered":"<p>Ostbrandenburger B\u00fcndnisgr\u00fcne sind erleichtert, weil der Landkreis ihrer Forderung nach Einrichtung eines Tempolimits nachkommt. Medienberichten nach hat die Kreisverwaltung auf der Bundestra\u00dfe 167 bei Gusow die H\u00f6chstgeschwindigkeit von derzeit 70 [&hellip;]<\/p>\n","protected":false},"author":1,"featured_media":0,"comment_status":"open","ping_status":"open","sticky":false,"template":"","format":"standard","meta":{"footnotes":""},"categories":[7],"tags":[],"class_list":["post-1792","post","type-post","status-publish","format-standard","hentry","category-pressemitteilungen"],"_links":{"self":[{"href":"https:\/\/www.sahra-damus.de\/wordpress\/wp-json\/wp\/v2\/posts\/1792","targetHints":{"allow":["GET"]}}],"collection":[{"href":"https:\/\/www.sahra-damus.de\/wordpress\/wp-json\/wp\/v2\/posts"}],"about":[{"href":"https:\/\/www.sahra-damus.de\/wordpress\/wp-json\/wp\/v2\/types\/post"}],"author":[{"embeddable":true,"href":"https:\/\/www.sahra-damus.de\/wordpress\/wp-json\/wp\/v2\/users\/1"}],"replies":[{"embeddable":true,"href":"https:\/\/www.sahra-damus.de\/wordpress\/wp-json\/wp\/v2\/comments?post=1792"}],"version-history":[{"count":9,"href":"https:\/\/www.sahra-damus.de\/wordpress\/wp-json\/wp\/v2\/posts\/1792\/revisions"}],"predecessor-version":[{"id":1801,"href":"https:\/\/www.sahra-damus.de\/wordpress\/wp-json\/wp\/v2\/posts\/1792\/revisions\/1801"}],"wp:attachment":[{"href":"https:\/\/www.sahra-damus.de\/wordpress\/wp-json\/wp\/v2\/media?parent=1792"}],"wp:term":[{"taxonomy":"category","embeddable":true,"href":"https:\/\/www.sahra-damus.de\/wordpress\/wp-json\/wp\/v2\/categories?post=1792"},{"taxonomy":"post_tag","embeddable":true,"href":"https:\/\/www.sahra-damus.de\/wordpress\/wp-json\/wp\/v2\/tags?post=1792"}],"curies":[{"name":"wp","href":"https:\/\/api.w.org\/{rel}","templated":true}]}}