{"id":1827,"date":"2024-04-10T19:16:52","date_gmt":"2024-04-10T19:16:52","guid":{"rendered":"https:\/\/www.sahra-damus.de\/wordpress\/?p=1827"},"modified":"2024-05-30T09:18:37","modified_gmt":"2024-05-30T09:18:37","slug":"kommentierung-sahra-damus-mdl-540-000-e-fuer-ffo-aus-dem-aktionsprogramm-natuerlicher-klimaschutz-der-bundesregierung","status":"publish","type":"post","link":"https:\/\/www.sahra-damus.de\/wordpress\/kommentierung-sahra-damus-mdl-540-000-e-fuer-ffo-aus-dem-aktionsprogramm-natuerlicher-klimaschutz-der-bundesregierung\/","title":{"rendered":"540.000 \u20ac f\u00fcr Frankfurt (Oder) aus dem Aktionsprogramm Nat\u00fcrlicher Klimaschutz der Bundesregierung"},"content":{"rendered":"<p>&#8220;Ein guter Tag f\u00fcr unsere Stadt! Frankfurt (Oder) erh\u00e4lt von der Bundesregierung \u00fcber eine halbe Millionen Euro aus dem Aktionsprogramm Nat\u00fcrlicher Klimaschutz, dem gr\u00f6\u00dften Naturschutzpaket in der Geschichte der Bundesrepublik. Mit dem Geld werden Erhaltungsma\u00dfnahmen an B\u00e4umen und Alleen im Stadtgebiet und die Aufforstung einer Acker- und Wiesenfl\u00e4che nahe unseres Stadtwaldes gef\u00f6rdert.<br \/>\nDie Bundesregierung handelt langfristig: Kommunen sind zentrale Verb\u00fcndete f\u00fcr einen nat\u00fcrlichen Klimaschutz. Wo, wie bei uns am Stadtrand, artenreiche und standortangepasste Mischw\u00e4lder entstehen, halten die W\u00e4lder mehr Wasser im Boden und speichern Kohlenstoff in Holz und Boden. Sie leisten nicht nur einen positiven Beitrag f\u00fcr den Klimaschutz und den Erhalt der biologischen Vielfalt, sondern auch f\u00fcr die Lebensqualit\u00e4t der Menschen in unserer Region.&#8221;<!--more--><!--noteaser--><\/p>\n<p>Sahra Damus, MdL<br \/>\nFrankfurt (Oder), 10.04.2024<\/p>\n<p>Sehr geehrte Damen und Herren,<br \/>\ndie heutige Entscheidung des Haushaltsausschusses im Deutschen Bundestag<br \/>\nkommentiert die B\u00fcndnisgr\u00fcne Frankfurter Landtagsabgeordnete Sahra Damus<br \/>\nwie folgt:<\/p>\n<p>&#8220;Ein guter Tag f\u00fcr unsere Stadt! Frankfurt (Oder) erh\u00e4lt von der<br \/>\nBundesregierung \u00fcber eine halbe Millionen Euro aus dem Aktionsprogramm<br \/>\nNat\u00fcrlicher Klimaschutz, dem gr\u00f6\u00dften Naturschutzpaket in der Geschichte<br \/>\nder Bundesrepublik. Mit dem Geld werden Erhaltungsma\u00dfnahmen an B\u00e4umen<br \/>\nund Alleen im Stadtgebiet und die Aufforstung einer Acker- und<br \/>\nWiesenfl\u00e4che nahe unseres Stadtwaldes gef\u00f6rdert.<\/p>\n<p>Die Bundesregierung handelt langfristig: Kommunen sind zentrale<br \/>\nVerb\u00fcndete f\u00fcr einen nat\u00fcrlichen Klimaschutz. Wo, wie bei uns am<br \/>\nStadtrand, artenreiche und standortangepasste Mischw\u00e4lder entstehen,<br \/>\nhalten die W\u00e4lder mehr Wasser im Boden und speichern Kohlenstoff in Holz<br \/>\nund Boden. Sie leisten nicht nur einen positiven Beitrag f\u00fcr den<br \/>\nKlimaschutz und den Erhalt der biologischen Vielfalt, sondern auch f\u00fcr<br \/>\ndie Lebensqualit\u00e4t der Menschen in unserer Region.&#8221;<\/p>\n<p>Hintergrundinformationen:<br \/>\nWie aus Bundestagskreisen heute informiert wurde, haben 11 Gemeinden und<br \/>\nSt\u00e4dte in Brandenburg eine Bundesf\u00f6rderung im Rahmen der<br \/>\nF\u00f6rderrichtlinie f\u00fcr Nat\u00fcrlichen Klimaschutz in kommunalen Gebieten<br \/>\nerhalten.<br \/>\nDie F\u00f6rderrichtlinie ist Teil des Aktionsprogramms Nat\u00fcrlicher<br \/>\nKlimaschutz (ANK). Frankfurt (Oder) ist eine der Kommunen und erh\u00e4lt<br \/>\n540.000 \u20ac f\u00fcr &#8220;Erhaltungsma\u00dfnahmen an B\u00e4umen und Alleen im Stadtgebiet<br \/>\nund Aufforstung einer Acker-\/Wiesenfl\u00e4che am Stadtrand (91.000 m\u00b2)&#8221;.<br \/>\nZentrale Ziele des Vorhabens sind der Erhalt des innerst\u00e4dtischen<br \/>\nBaumbestandes durch Revitalisierungsma\u00dfnahmen (Bestandssicherung &amp;<br \/>\nBiotoperhalt), die Anpflanzung von B\u00e4umen (Erstaufforstung &amp;<br \/>\nWaldmehrung), welche mit Arrondierung an den Kommunalwald einhergehen<br \/>\nsoll (Biotopaufwertung &amp; Biotopschaffung).<\/p>\n","protected":false},"excerpt":{"rendered":"<p>&#8220;Ein guter Tag f\u00fcr unsere Stadt! Frankfurt (Oder) erh\u00e4lt von der Bundesregierung \u00fcber eine halbe Millionen Euro aus dem Aktionsprogramm Nat\u00fcrlicher Klimaschutz, dem gr\u00f6\u00dften Naturschutzpaket in der Geschichte der Bundesrepublik. [&hellip;]<\/p>\n","protected":false},"author":1,"featured_media":0,"comment_status":"open","ping_status":"open","sticky":false,"template":"","format":"standard","meta":{"footnotes":""},"categories":[1,7],"tags":[39,105],"class_list":["post-1827","post","type-post","status-publish","format-standard","hentry","category-uncategorized","category-pressemitteilungen","tag-frankfurt-oder","tag-klimaschutz"],"_links":{"self":[{"href":"https:\/\/www.sahra-damus.de\/wordpress\/wp-json\/wp\/v2\/posts\/1827","targetHints":{"allow":["GET"]}}],"collection":[{"href":"https:\/\/www.sahra-damus.de\/wordpress\/wp-json\/wp\/v2\/posts"}],"about":[{"href":"https:\/\/www.sahra-damus.de\/wordpress\/wp-json\/wp\/v2\/types\/post"}],"author":[{"embeddable":true,"href":"https:\/\/www.sahra-damus.de\/wordpress\/wp-json\/wp\/v2\/users\/1"}],"replies":[{"embeddable":true,"href":"https:\/\/www.sahra-damus.de\/wordpress\/wp-json\/wp\/v2\/comments?post=1827"}],"version-history":[{"count":6,"href":"https:\/\/www.sahra-damus.de\/wordpress\/wp-json\/wp\/v2\/posts\/1827\/revisions"}],"predecessor-version":[{"id":1838,"href":"https:\/\/www.sahra-damus.de\/wordpress\/wp-json\/wp\/v2\/posts\/1827\/revisions\/1838"}],"wp:attachment":[{"href":"https:\/\/www.sahra-damus.de\/wordpress\/wp-json\/wp\/v2\/media?parent=1827"}],"wp:term":[{"taxonomy":"category","embeddable":true,"href":"https:\/\/www.sahra-damus.de\/wordpress\/wp-json\/wp\/v2\/categories?post=1827"},{"taxonomy":"post_tag","embeddable":true,"href":"https:\/\/www.sahra-damus.de\/wordpress\/wp-json\/wp\/v2\/tags?post=1827"}],"curies":[{"name":"wp","href":"https:\/\/api.w.org\/{rel}","templated":true}]}}