{"id":1869,"date":"2024-08-09T16:40:38","date_gmt":"2024-08-09T16:40:38","guid":{"rendered":"https:\/\/www.sahra-damus.de\/wordpress\/?p=1869"},"modified":"2024-09-19T13:09:40","modified_gmt":"2024-09-19T13:09:40","slug":"antwort-der-landesregierung-auf-meine-kleine-anfrage-zu-sprachfestellungspruefungen","status":"publish","type":"post","link":"https:\/\/www.sahra-damus.de\/wordpress\/antwort-der-landesregierung-auf-meine-kleine-anfrage-zu-sprachfestellungspruefungen\/","title":{"rendered":"Antwort der Landesregierung auf meine Kleine Anfrage zu Sprachfestellungspr\u00fcfungen"},"content":{"rendered":"<p> Am 25. M\u00e4rz 2021 beschloss der Landtag, die Mehrspra-<br \/>\nchigkeitskompetenz im Land aktiv zu f\u00f6rdern und auszubauen. Damit bekannte er sich zu<br \/>\neinem von der Europ\u00e4ischen Union formulierten Ziel, dass jede EU-B\u00fcrgerin und jeder EU-<br \/>\nB\u00fcrger neben der Muttersprache zwei Fremdsprachen erlernen soll. In Brandenburg um-<br \/>\nfasst dies nicht nur die Nachbarsprache Polnisch, sondern auch die im Land gesprochenen<br \/>\nRegional- und Minderheitensprachen wie das Sorbische und das Niederdeutsche. Zudem<br \/>\nwird von den in Brandenburg lebenden Migrantinnen und Migranten eine gro\u00dfe Vielfalt von<br \/>\nSprachen gesprochen, die das Mehrsprachigkeitskonzept ausdr\u00fccklich w\u00fcrdigt.<!--more--><!--noteaser-->&#8211;<br \/>\nAm 25. M\u00e4rz 2021 beschloss der Landtag, die Mehrspra-<br \/>\nchigkeitskompetenz im Land aktiv zu f\u00f6rdern und auszubauen. Damit bekannte er sich zu<br \/>\neinem von der Europ\u00e4ischen Union formulierten Ziel, dass jede EU-B\u00fcrgerin und jeder EU-<br \/>\nB\u00fcrger neben der Muttersprache zwei Fremdsprachen erlernen soll. In Brandenburg um-<br \/>\nfasst dies nicht nur die Nachbarsprache Polnisch, sondern auch die im Land gesprochenen<br \/>\nRegional- und Minderheitensprachen wie das Sorbische und das Niederdeutsche. Zudem<br \/>\nwird von den in Brandenburg lebenden Migrantinnen und Migranten eine gro\u00dfe Vielfalt von<br \/>\nSprachen gesprochen, die das Mehrsprachigkeitskonzept ausdr\u00fccklich w\u00fcrdigt:<br \/>\n&#8220;Die Wertsch\u00e4tzung und F\u00f6rderung der Herkunftssprachen spielt im Prozess des Ausbaus<br \/>\nvon Mehrsprachigkeit eine wichtige Rolle. Nicht nur verf\u00fcgt die Herkunftssprache \u00fcber eine<br \/>\nidentit\u00e4tsstiftende und st\u00e4rkende Funktion f\u00fcr das Individuum; sie ist gleichzeitig eine ge-<br \/>\nsellschaftliche Ressource und bietet \u00f6konomische Chancen auf einem transnationalen Ar-<br \/>\nbeitsmarkt. Dies betrifft insbesondere den Ausbau der familiensprachlichen Kenntnisse in<br \/>\nRichtung schriftsprachlicher Kenntnisse. Erst durch den Ausbau der Sprachkompetenz hin<br \/>\nzu auch professionell einsetzbaren F\u00e4higkeiten wird es gelingen, sprachliche Diversit\u00e4t in<br \/>\nganzer Breite und auf Augenh\u00f6he zu gestalten.&#8221; (S. 89 des Mehrsprachigkeitskonzeptes,<br \/>\n<a href=\"https:\/\/mbjs.brandenburg.de\/sixcms\/media.php\/140\/broschuere_mehrsprachigkeitskon-zept.pdf\">https:\/\/mbjs.brandenburg.de\/sixcms\/media.php\/140\/broschuere_mehrsprachigkeitskon-zept.pdf<\/a>)<br \/>\nDie aktuelle Spracherwerbsforschung zeigt au\u00dferdem, dass das Erlernen einer Zweitspra-<br \/>\nche umso besser gelingen kann, wenn Lernende Muttersprache und Zweitsprache aufei-<br \/>\nnander beziehen k\u00f6nnen. Ein qualifizierter und nachhaltiger Unterricht in der jeweiligen Her-<br \/>\nkunftssprache wirkt sich demnach positiv auf den Sprachlernprozess des Deutschen als<br \/>\nZweitsprache aus.<br \/>\nKinder und Jugendliche mit Migrationshintergrund haben im Land Brandenburg die M\u00f6glich-<br \/>\nkeit, freiwilligen Zusatzunterricht in ihrer Herkunftssprache zu besuchen. Dieser wird aktuell<br \/>\nin elf Sprachen angeboten. Zur Anerkennung der herkunftssprachlichen Sprachkompetenz<br \/>\nwerden Sprachfeststellungspr\u00fcfungen angeboten. Das Mehrsprachigkeitskonzept des Lan-<br \/>\ndes Brandenburg betont an mehreren Stellen (S. 83, 85, 112, 113, 117), den Ausbau dieser<br \/>\nPr\u00fcfungen vorantreiben zu wollen.<\/p>\n<p>Die Antworten der Landesregierung auf meine Fragen finden Sie <a href=\"https:\/\/www.parlamentsdokumentation.brandenburg.de\/starweb\/LBB\/ELVIS\/parladoku\/w7\/drs\/ab_10000\/10079.pdf\" rel=\"noopener\" target=\"_blank\">hier<\/a>.<\/p>\n","protected":false},"excerpt":{"rendered":"<p>Am 25. M\u00e4rz 2021 beschloss der Landtag, die Mehrspra- chigkeitskompetenz im Land aktiv zu f\u00f6rdern und auszubauen. Damit bekannte er sich zu einem von der Europ\u00e4ischen Union formulierten Ziel, dass [&hellip;]<\/p>\n","protected":false},"author":1,"featured_media":0,"comment_status":"open","ping_status":"open","sticky":false,"template":"","format":"standard","meta":{"footnotes":""},"categories":[1],"tags":[],"class_list":["post-1869","post","type-post","status-publish","format-standard","hentry","category-uncategorized"],"_links":{"self":[{"href":"https:\/\/www.sahra-damus.de\/wordpress\/wp-json\/wp\/v2\/posts\/1869","targetHints":{"allow":["GET"]}}],"collection":[{"href":"https:\/\/www.sahra-damus.de\/wordpress\/wp-json\/wp\/v2\/posts"}],"about":[{"href":"https:\/\/www.sahra-damus.de\/wordpress\/wp-json\/wp\/v2\/types\/post"}],"author":[{"embeddable":true,"href":"https:\/\/www.sahra-damus.de\/wordpress\/wp-json\/wp\/v2\/users\/1"}],"replies":[{"embeddable":true,"href":"https:\/\/www.sahra-damus.de\/wordpress\/wp-json\/wp\/v2\/comments?post=1869"}],"version-history":[{"count":3,"href":"https:\/\/www.sahra-damus.de\/wordpress\/wp-json\/wp\/v2\/posts\/1869\/revisions"}],"predecessor-version":[{"id":1873,"href":"https:\/\/www.sahra-damus.de\/wordpress\/wp-json\/wp\/v2\/posts\/1869\/revisions\/1873"}],"wp:attachment":[{"href":"https:\/\/www.sahra-damus.de\/wordpress\/wp-json\/wp\/v2\/media?parent=1869"}],"wp:term":[{"taxonomy":"category","embeddable":true,"href":"https:\/\/www.sahra-damus.de\/wordpress\/wp-json\/wp\/v2\/categories?post=1869"},{"taxonomy":"post_tag","embeddable":true,"href":"https:\/\/www.sahra-damus.de\/wordpress\/wp-json\/wp\/v2\/tags?post=1869"}],"curies":[{"name":"wp","href":"https:\/\/api.w.org\/{rel}","templated":true}]}}