{"id":207,"date":"2019-12-09T13:00:06","date_gmt":"2019-12-09T13:00:06","guid":{"rendered":"https:\/\/www.sahra-damus.de\/wordpress?p=207"},"modified":"2020-04-09T08:26:21","modified_gmt":"2020-04-09T08:26:21","slug":"meine-atrittsbesuche-beim-ob-rene-wilke-und-im-gemeinsamen-zentrum-fuer-dt-pol-polizei-und-zollzusammenarbeit","status":"publish","type":"post","link":"https:\/\/www.sahra-damus.de\/wordpress\/meine-atrittsbesuche-beim-ob-rene-wilke-und-im-gemeinsamen-zentrum-fuer-dt-pol-polizei-und-zollzusammenarbeit\/","title":{"rendered":"Meine Atrittsbesuche beim OB Ren\u00e9 Wilke und im Gemeinsamen Zentrum f\u00fcr dt.-pol. Polizei- und Zollzusammenarbeit"},"content":{"rendered":"<div style=\"width: 410px\" class=\"wp-caption alignleft\"><img loading=\"lazy\" decoding=\"async\" class=\"\" src=\"\/images\/Antrittsbesuch_Ren\u00e9_.jpeg\" alt=\"Antrittsbesuch OB (FfO)\" width=\"400\" height=\"313\" \/><p class=\"wp-caption-text\">Foto: Sahra Damus<\/p><\/div>\n<p>Die B\u00fcndnisgr\u00fcne Landtagsabgeordnete Sahra Damus traf sich am vergangenen Donnerstag, den 19.12.2019 mit dem Frankfurter Oberb\u00fcrgermeister Ren\u00e9 Wilke, um \u00fcber die dr\u00e4ngenden Frankfurter Fragen zu beraten, die beide zusammen in den kommenden Monaten verfolgen wollen.<\/p>\n<p>Sahra Damus: \u201eUnsere Stadt ist im Aufbruch und ich freue mich sehr, dass ich als Landtagsabgeordnete diesen Prozess aktiv unterst\u00fctzen kann. Wir haben uns intensiv ausgetauscht \u00fcber die m\u00f6glichen Folgen der Tesla-Ansiedlung f\u00fcr unsere Stadt, \u00fcber geeignete Projekte f\u00fcr den Zukunftsinvestitionsfonds der Landesregierung, die Teilentschuldung unserer Stadt, die notwendige Taktverdichtung des RE1, das Alte Kino, die Ma\u00dfnahmen gegen die Sulfatbelastung im Frankfurter Trinkwasser, die Umsetzung der Barrierefreiheit im \u00d6PNV usw. Das war sehr produktiv und ich bin ganz zuversichtlich, dass wir in den n\u00e4chsten Jahren gemeinsam eine Menge f\u00fcr unsere Stadt erreichen k\u00f6nnen.\u201c<\/p>\n<p>Des Weiteren informierte sich die B\u00fcndnisgr\u00fcne Landtagsabgeordnete am vergangenen Freitag, den 20.12.2019 \u00fcber die Arbeit im gemeinsamen Zentrum der Deutsch-Polnischen Polizei- und Zollzusammenarbeit in \u015awiecko.<\/p>\n<div style=\"width: 410px\" class=\"wp-caption alignright\"><img loading=\"lazy\" decoding=\"async\" src=\"\/images\/Antrittsbesuche\/Gemein._Zentrum_Zwiecko.jpg\" alt=\"Gemein. Zentrum Zwiecko\" width=\"400\" height=\"350\" \/><p class=\"wp-caption-text\">Foto: Sahra Damus<\/p><\/div>\n<p>Sahra Damus: &#8220;Ein gemeinsames Europa mit offenen Binnengrenzen funktioniert nur gut, wenn die Zusammenarbeit der Sicherheitsbeh\u00f6rden gut klappt. Denn auch die organisierte Kriminalit\u00e4t arbeitet grenz\u00fcberschreitend. Ich habe sehr viel gelernt \u00fcber die erfolgreiche und gute Zusammenarbeit der Deutschen und Polnischen Beamten hier bei uns in Swiecko und dass das zugrunde liegende deutsch-polnische Regierungsabkommen fortschrittlicher ist als andere Regierungsabkommen mit anderen L\u00e4ndern. Gute Nachrichten sind ja meist keine Nachrichten, daher freut es mich besonders, dass ich auch erfahren habe, dass die Anzahl der Straftaten, insbesondere der Diebstahldelikte, weiterhin r\u00fcckl\u00e4ufig sind. W\u00fcnschenswert w\u00e4re eine Ausweitung auf den Bereich Justiz, sodass auch Staatsanw\u00e4lt*innen sich schneller austauschen k\u00f6nnen. Das halte ich f\u00fcr sinnvoll, erscheint mir aber zum jetzigen Zeitpunkt ein &#8220;dickes Brett&#8221; auf Bundesebene. Die Beamt*innen w\u00fcnschen sich au\u00dferdem einen zentraleren Standort ihrer Einrichtung in der Doppelstadt. In beiden Angelegenheiten werde ich dran bleiben und Gespr\u00e4che suchen. Wichtig halte ich dar\u00fcber hinaus eine Wertsch\u00e4tzung der Arbeit der Beamte*innen: sie sind nachts und auch an Feiertagen im Einsatz. Herzlichen Dank daf\u00fcr.&#8221;<\/p>\n<p>Die anh\u00e4ngenden Bilder k\u00f6nnen Sie unter Angabe von &#8220;Sahra Damus&#8221; gern verwenden.<\/p>\n","protected":false},"excerpt":{"rendered":"<p>Die B\u00fcndnisgr\u00fcne Landtagsabgeordnete Sahra Damus traf sich am vergangenen Donnerstag, den 19.12.2019 mit dem Frankfurter Oberb\u00fcrgermeister Ren\u00e9 Wilke, um \u00fcber die dr\u00e4ngenden Frankfurter Fragen zu beraten, die beide zusammen in [&hellip;]<\/p>\n","protected":false},"author":1,"featured_media":0,"comment_status":"open","ping_status":"open","sticky":false,"template":"","format":"standard","meta":{"footnotes":""},"categories":[7],"tags":[],"class_list":["post-207","post","type-post","status-publish","format-standard","hentry","category-pressemitteilungen"],"_links":{"self":[{"href":"https:\/\/www.sahra-damus.de\/wordpress\/wp-json\/wp\/v2\/posts\/207","targetHints":{"allow":["GET"]}}],"collection":[{"href":"https:\/\/www.sahra-damus.de\/wordpress\/wp-json\/wp\/v2\/posts"}],"about":[{"href":"https:\/\/www.sahra-damus.de\/wordpress\/wp-json\/wp\/v2\/types\/post"}],"author":[{"embeddable":true,"href":"https:\/\/www.sahra-damus.de\/wordpress\/wp-json\/wp\/v2\/users\/1"}],"replies":[{"embeddable":true,"href":"https:\/\/www.sahra-damus.de\/wordpress\/wp-json\/wp\/v2\/comments?post=207"}],"version-history":[{"count":4,"href":"https:\/\/www.sahra-damus.de\/wordpress\/wp-json\/wp\/v2\/posts\/207\/revisions"}],"predecessor-version":[{"id":211,"href":"https:\/\/www.sahra-damus.de\/wordpress\/wp-json\/wp\/v2\/posts\/207\/revisions\/211"}],"wp:attachment":[{"href":"https:\/\/www.sahra-damus.de\/wordpress\/wp-json\/wp\/v2\/media?parent=207"}],"wp:term":[{"taxonomy":"category","embeddable":true,"href":"https:\/\/www.sahra-damus.de\/wordpress\/wp-json\/wp\/v2\/categories?post=207"},{"taxonomy":"post_tag","embeddable":true,"href":"https:\/\/www.sahra-damus.de\/wordpress\/wp-json\/wp\/v2\/tags?post=207"}],"curies":[{"name":"wp","href":"https:\/\/api.w.org\/{rel}","templated":true}]}}