{"id":218,"date":"2010-12-19T12:00:43","date_gmt":"2010-12-19T12:00:43","guid":{"rendered":"https:\/\/www.sahra-damus.de\/wordpress?p=218"},"modified":"2020-04-09T08:33:45","modified_gmt":"2020-04-09T08:33:45","slug":"wie-geht-es-weiter-mit-der-aussenstelle-der-stasi-unterlagen-behoerde-in-frankfurt-oder","status":"publish","type":"post","link":"https:\/\/www.sahra-damus.de\/wordpress\/wie-geht-es-weiter-mit-der-aussenstelle-der-stasi-unterlagen-behoerde-in-frankfurt-oder\/","title":{"rendered":"Wie geht es weiter mit der Au\u00dfenstelle der Stasi-Unterlagen-Beh\u00f6rde in Frankfurt (Oder)?"},"content":{"rendered":"<div class=\"ig-content-layout\">\n<div class=\"ig-content-layout-row\">\n<div class=\"ig-layout-cell ig-content\">\n<article class=\"ig-post ig-messages\">\n<div class=\"ig-postcontent ig-postcontent-0 clearfix\"><\/div>\n<\/article>\n<div class=\"item-page\">\n<article class=\"ig-post\">\n<div style=\"width: 410px\" class=\"wp-caption alignright\"><img loading=\"lazy\" decoding=\"async\" style=\"font-size: 16px;\" src=\"\/images\/Foto_mit_Sielaff_BStU.jpg\" alt=\"Foto mit Sielaff BStU\" width=\"400\" height=\"490\" \/><p class=\"wp-caption-text\">Foto: Sahra Damus<\/p><\/div>\n<p class=\"ig-postheader\"><span style=\"font-size: 16px;\">Bei ihrem Antrittsbesuch informierte sich die B\u00fcndnisgr\u00fcne Landtagsabgeordnete Sahra Damus bei R\u00fcdiger Sielaff, dem Leiter der Brandenburger Au\u00dfenstelle der Stasi-Unterlagen-Beh\u00f6rde (BStU) in Frankfurt (Oder), \u00fcber den aktuellen Stand der Debatte zum zuk\u00fcnftigen Standort des Archivs. Im Koalitionsvertrag hatten die Regierungsparteien vereinbart, dass der zuk\u00fcnftige Standort des Archivs an einem m\u00f6glichst authentischen Ort sein soll. Neben dem Standort Frankfurt (Oder) ist ein eventueller Umzug des Archivs nach Cottbus im Gespr\u00e4ch.<\/span><\/p>\n<div class=\"ig-postcontent ig-postcontent-0 clearfix\">\n<div class=\"ig-article\">\n<p>Sahra Damus: <em>\u201eIch habe mir ein pers\u00f6nliches Bild gemacht von einem hochmodernen Archiv mit sehr guten Lagerbedingungen, welches zusammen mit regionalen Kooperationspartnern und eingebettet in die hiesige Bildungslandschaft sehr wichtige Arbeit leistet. Weder nimmt die Anzahl der Antr\u00e4ge auf Akteneinsicht ab, noch die Anzahl der Forschungsvorhaben, die auf das Archiv zugreifen. In der Debatte zur Zukunft des Brandenburger Archiv-Standortes wird es nicht nur um Bestandssicherung und Digitalisierung der Akten gehen, sondern auch um Aufkl\u00e4rungsarbeit und Demokratiebildung f\u00fcr die Nach-Wende-Generationen. Hier habe ich den Eindruck, dass es sehr viele gute Argumente gibt, die sachlich und objektiv f\u00fcr den Verbleib der Brandenburger BStU &#8211; Au\u00dfenstelle am Standort Frankfurt (Oder) sprechen. Daf\u00fcr werde ich mich einsetzen und weitere Gespr\u00e4che suchen.\u201c<\/em><\/p>\n<p>Das Foto k\u00f6nnen Sie unter Angabe der Quelle &#8220;Sahra Damus&#8221; gern nutzen.<\/p>\n<\/div>\n<\/div>\n<\/article>\n<\/div>\n<\/div>\n<\/div>\n<\/div>\n","protected":false},"excerpt":{"rendered":"<p>Bei ihrem Antrittsbesuch informierte sich die B\u00fcndnisgr\u00fcne Landtagsabgeordnete Sahra Damus bei R\u00fcdiger Sielaff, dem Leiter der Brandenburger Au\u00dfenstelle der Stasi-Unterlagen-Beh\u00f6rde (BStU) in Frankfurt (Oder), \u00fcber den aktuellen Stand der Debatte [&hellip;]<\/p>\n","protected":false},"author":1,"featured_media":0,"comment_status":"open","ping_status":"open","sticky":false,"template":"","format":"standard","meta":{"footnotes":""},"categories":[7],"tags":[],"class_list":["post-218","post","type-post","status-publish","format-standard","hentry","category-pressemitteilungen"],"_links":{"self":[{"href":"https:\/\/www.sahra-damus.de\/wordpress\/wp-json\/wp\/v2\/posts\/218","targetHints":{"allow":["GET"]}}],"collection":[{"href":"https:\/\/www.sahra-damus.de\/wordpress\/wp-json\/wp\/v2\/posts"}],"about":[{"href":"https:\/\/www.sahra-damus.de\/wordpress\/wp-json\/wp\/v2\/types\/post"}],"author":[{"embeddable":true,"href":"https:\/\/www.sahra-damus.de\/wordpress\/wp-json\/wp\/v2\/users\/1"}],"replies":[{"embeddable":true,"href":"https:\/\/www.sahra-damus.de\/wordpress\/wp-json\/wp\/v2\/comments?post=218"}],"version-history":[{"count":2,"href":"https:\/\/www.sahra-damus.de\/wordpress\/wp-json\/wp\/v2\/posts\/218\/revisions"}],"predecessor-version":[{"id":221,"href":"https:\/\/www.sahra-damus.de\/wordpress\/wp-json\/wp\/v2\/posts\/218\/revisions\/221"}],"wp:attachment":[{"href":"https:\/\/www.sahra-damus.de\/wordpress\/wp-json\/wp\/v2\/media?parent=218"}],"wp:term":[{"taxonomy":"category","embeddable":true,"href":"https:\/\/www.sahra-damus.de\/wordpress\/wp-json\/wp\/v2\/categories?post=218"},{"taxonomy":"post_tag","embeddable":true,"href":"https:\/\/www.sahra-damus.de\/wordpress\/wp-json\/wp\/v2\/tags?post=218"}],"curies":[{"name":"wp","href":"https:\/\/api.w.org\/{rel}","templated":true}]}}