{"id":222,"date":"2019-12-16T13:33:51","date_gmt":"2019-12-16T13:33:51","guid":{"rendered":"https:\/\/www.sahra-damus.de\/wordpress?p=222"},"modified":"2020-04-09T08:37:08","modified_gmt":"2020-04-09T08:37:08","slug":"buendnisgruene-sehen-in-der-einigung-zum-klimapaket-einen-wichtigen-schritt-in-die-richtige-richtung","status":"publish","type":"post","link":"https:\/\/www.sahra-damus.de\/wordpress\/buendnisgruene-sehen-in-der-einigung-zum-klimapaket-einen-wichtigen-schritt-in-die-richtige-richtung\/","title":{"rendered":"B\u00fcndnisgr\u00fcne sehen in der Einigung zum Klimapaket einen \u201ewichtigen Schritt in die richtige Richtung\u201c"},"content":{"rendered":"<div class=\"ig-content-layout\">\n<div class=\"ig-content-layout-row\">\n<div class=\"ig-layout-cell ig-content\">\n<article class=\"ig-post ig-messages\">\n<div class=\"ig-postcontent ig-postcontent-0 clearfix\">\n<div id=\"system-message-container\"><\/div>\n<\/div>\n<\/article>\n<div class=\"item-page\">\n<article class=\"ig-post\">\n<div class=\"ig-postcontent ig-postcontent-0 clearfix\">\n<div class=\"ig-article\">\n<p><img decoding=\"async\" class=\"alignleft\" src=\"\/images\/_MG_9629_500x333-equal.jpg\" alt=\" MG 9629 500x333 equal\" \/>In einer Zwischenvereinbarung bei den Verhandlungen des Vermittlungsausschusses zum Klimapaket der Bundesregierung wurde festgehalten, dass der Einstiegspreis f\u00fcr das Klimagas Kohlendioxid (CO2) erh\u00f6ht wird. F\u00fcr 2021 ist nun ein Einstiegspreis von 25 Euro geplant, statt wie bisher zehn Euro. Der Preis soll dann schrittweise bis 2025 auf 55 Euro erh\u00f6ht werden. Als Entlastung f\u00fcr die Haushalte soll daf\u00fcr die EEG-Umlage sinken. Die umweltpolitische Sprecherin der b\u00fcndnisgr\u00fcnen Landtagsfraktion Isabell Hiekel nannte die Einigung von Bund und L\u00e4ndern einen &#8220;wichtigen Schritt in die richtige Richtung&#8221;. Die Bepreisung von CO2 gilt als wichtiges Element f\u00fcr eine \u00f6kologische Lenkungswirkung.<\/p>\n<p>&#8220;Die heutige Einigung es zwar keine reine Umsetzung unserer Vorstellung, aber es ist dennoch ein wichtiger Schritt in die richtige Richtung im Kampf zur Eind\u00e4mmung der Klimakrise. Leider ist das gesamte Klimapaket schwarz-roten Bundesregierung aus unserer Sicht immer noch nicht ausreichend und m\u00fcsste dringend nachgebessert werden&#8221;, sagt Isabell Hiekel. Urspr\u00fcnglich hatten B\u00dcNDNIS 90\/DIE GR\u00dcNEN einen CO2-Einstiegpreis von 40 Euro gefordert. Daf\u00fcr sollten alle Bundesb\u00fcrger mit einem Energiegeld von anfangs 100 Euro entlastet werden.<\/p>\n<\/div>\n<\/div>\n<\/article>\n<\/div>\n<\/div>\n<\/div>\n<\/div>\n","protected":false},"excerpt":{"rendered":"<p>In einer Zwischenvereinbarung bei den Verhandlungen des Vermittlungsausschusses zum Klimapaket der Bundesregierung wurde festgehalten, dass der Einstiegspreis f\u00fcr das Klimagas Kohlendioxid (CO2) erh\u00f6ht wird. F\u00fcr 2021 ist nun ein Einstiegspreis [&hellip;]<\/p>\n","protected":false},"author":1,"featured_media":0,"comment_status":"open","ping_status":"open","sticky":false,"template":"","format":"standard","meta":{"footnotes":""},"categories":[10],"tags":[],"class_list":["post-222","post","type-post","status-publish","format-standard","hentry","category-mitteilung"],"_links":{"self":[{"href":"https:\/\/www.sahra-damus.de\/wordpress\/wp-json\/wp\/v2\/posts\/222","targetHints":{"allow":["GET"]}}],"collection":[{"href":"https:\/\/www.sahra-damus.de\/wordpress\/wp-json\/wp\/v2\/posts"}],"about":[{"href":"https:\/\/www.sahra-damus.de\/wordpress\/wp-json\/wp\/v2\/types\/post"}],"author":[{"embeddable":true,"href":"https:\/\/www.sahra-damus.de\/wordpress\/wp-json\/wp\/v2\/users\/1"}],"replies":[{"embeddable":true,"href":"https:\/\/www.sahra-damus.de\/wordpress\/wp-json\/wp\/v2\/comments?post=222"}],"version-history":[{"count":1,"href":"https:\/\/www.sahra-damus.de\/wordpress\/wp-json\/wp\/v2\/posts\/222\/revisions"}],"predecessor-version":[{"id":223,"href":"https:\/\/www.sahra-damus.de\/wordpress\/wp-json\/wp\/v2\/posts\/222\/revisions\/223"}],"wp:attachment":[{"href":"https:\/\/www.sahra-damus.de\/wordpress\/wp-json\/wp\/v2\/media?parent=222"}],"wp:term":[{"taxonomy":"category","embeddable":true,"href":"https:\/\/www.sahra-damus.de\/wordpress\/wp-json\/wp\/v2\/categories?post=222"},{"taxonomy":"post_tag","embeddable":true,"href":"https:\/\/www.sahra-damus.de\/wordpress\/wp-json\/wp\/v2\/tags?post=222"}],"curies":[{"name":"wp","href":"https:\/\/api.w.org\/{rel}","templated":true}]}}