{"id":280,"date":"2020-05-09T11:08:43","date_gmt":"2020-05-09T11:08:43","guid":{"rendered":"https:\/\/www.sahra-damus.de\/?p=280"},"modified":"2020-05-09T11:08:43","modified_gmt":"2020-05-09T11:08:43","slug":"weareinthistogether-europatag","status":"publish","type":"post","link":"https:\/\/www.sahra-damus.de\/wordpress\/weareinthistogether-europatag\/","title":{"rendered":"#WeAreInThisTogether &#8211; Europatag"},"content":{"rendered":"<p><img loading=\"lazy\" decoding=\"async\" class=\"wp-image-278 aligncenter\" src=\"https:\/\/www.sahra-damus.de\/wordpresswp-content\/uploads\/2020\/05\/96002448_3783933564982702_5509651018733846528_n-300x114.jpg\" alt=\"\" width=\"645\" height=\"245\" srcset=\"https:\/\/www.sahra-damus.de\/wordpress\/wp-content\/uploads\/2020\/05\/96002448_3783933564982702_5509651018733846528_n-300x114.jpg 300w, https:\/\/www.sahra-damus.de\/wordpress\/wp-content\/uploads\/2020\/05\/96002448_3783933564982702_5509651018733846528_n-768x292.jpg 768w, https:\/\/www.sahra-damus.de\/wordpress\/wp-content\/uploads\/2020\/05\/96002448_3783933564982702_5509651018733846528_n.jpg 820w\" sizes=\"auto, (max-width: 645px) 100vw, 645px\" \/><\/p>\n<p>Als Europ\u00e4er*innen sind wir alle von der Coronakrise und ihren Folgen gemeinsam betroffen. Trotzdem hat Europa bei der Krisenbew\u00e4ltigung Schaden genommen: nationale Krisenpl\u00e4ne, Ausfuhrbeschr\u00e4nkungen f\u00fcr medizinische Produkte, geschlossene Grenzen.<\/p>\n<p>Doch die Krise k\u00f6nnen wir nur gemeinsam \u00fcberwinden. Ein mehr an Solidarit\u00e4t muss die Botschaft an diesem Europatag sein. Die europ\u00e4ische Idee ist angesichts der Pandemie aktueller denn je: Gemeinsame Herausforderungen k\u00f6nnen nur gemeinsam gel\u00f6st werden. Diese Corona-Pandemie kennt keine Grenzen!<\/p>\n<p>Auch heute wird es wieder um 17 Uhr eine Demonstration\u00a0in Frankfurt (Oder) auf der Stadtbr\u00fccke \u00a0geben mit der Intention: Mehr Europa wagen! Grenzen auf!<br \/>\n<a class=\"_58cn\" href=\"https:\/\/www.facebook.com\/hashtag\/weareinthistogether?__eep__=6&amp;epa=HASHTAG&amp;__xts__%5B0%5D=68.ARAKKTHLLT2tn2DgbM819UH9TEZCAs5D6fd6o4saPW1E34pSvKn16MunMSMosnLU3-xMpbnaqaE4FBVCFhrAi4s-me1jxOTTf_gWQirnylrZymxASquARhaov-1ehFO4ByZjWQ-ybnHU7mnnOB8bX1nKf-fa0GqzmfkH4WpxEBoum-CnUGdnT-R5oVBO6pKKQJDa2TZQrw6ixAYR6szBBOdZ9RxddDfnUd-SMYjkvewEMOQ0fn156RD8awC--9U86lKhHZkszTutvWikAJO3AZlIPd_F9I0Q1SEUEdyeoojpUeUEy_PdDXdiOUxRnokkfC9haixqvAo_lOHoUt2kdq2-wZcAMt6KNvbr5Xuf6YGi4oUsbs6d1nvOaeJr5cz8PmSW&amp;__tn__=%2ANK%2AF\" data-ft=\"{&quot;type&quot;:104,&quot;tn&quot;:&quot;*N&quot;}\">#WeAreInThisTogether<\/a><\/p>\n","protected":false},"excerpt":{"rendered":"<p>Als Europ\u00e4er*innen sind wir alle von der Coronakrise und ihren Folgen gemeinsam betroffen. Trotzdem hat Europa bei der Krisenbew\u00e4ltigung Schaden genommen: nationale Krisenpl\u00e4ne, Ausfuhrbeschr\u00e4nkungen f\u00fcr medizinische Produkte, geschlossene Grenzen. Doch [&hellip;]<\/p>\n","protected":false},"author":1,"featured_media":0,"comment_status":"open","ping_status":"open","sticky":false,"template":"","format":"standard","meta":{"footnotes":""},"categories":[10],"tags":[],"class_list":["post-280","post","type-post","status-publish","format-standard","hentry","category-mitteilung"],"_links":{"self":[{"href":"https:\/\/www.sahra-damus.de\/wordpress\/wp-json\/wp\/v2\/posts\/280","targetHints":{"allow":["GET"]}}],"collection":[{"href":"https:\/\/www.sahra-damus.de\/wordpress\/wp-json\/wp\/v2\/posts"}],"about":[{"href":"https:\/\/www.sahra-damus.de\/wordpress\/wp-json\/wp\/v2\/types\/post"}],"author":[{"embeddable":true,"href":"https:\/\/www.sahra-damus.de\/wordpress\/wp-json\/wp\/v2\/users\/1"}],"replies":[{"embeddable":true,"href":"https:\/\/www.sahra-damus.de\/wordpress\/wp-json\/wp\/v2\/comments?post=280"}],"version-history":[{"count":1,"href":"https:\/\/www.sahra-damus.de\/wordpress\/wp-json\/wp\/v2\/posts\/280\/revisions"}],"predecessor-version":[{"id":281,"href":"https:\/\/www.sahra-damus.de\/wordpress\/wp-json\/wp\/v2\/posts\/280\/revisions\/281"}],"wp:attachment":[{"href":"https:\/\/www.sahra-damus.de\/wordpress\/wp-json\/wp\/v2\/media?parent=280"}],"wp:term":[{"taxonomy":"category","embeddable":true,"href":"https:\/\/www.sahra-damus.de\/wordpress\/wp-json\/wp\/v2\/categories?post=280"},{"taxonomy":"post_tag","embeddable":true,"href":"https:\/\/www.sahra-damus.de\/wordpress\/wp-json\/wp\/v2\/tags?post=280"}],"curies":[{"name":"wp","href":"https:\/\/api.w.org\/{rel}","templated":true}]}}