{"id":305,"date":"2020-05-14T19:00:11","date_gmt":"2020-05-14T19:00:11","guid":{"rendered":"https:\/\/www.sahra-damus.de\/?p=305"},"modified":"2020-05-15T09:13:47","modified_gmt":"2020-05-15T09:13:47","slug":"meine-rede-zum-antrag-der-afd-fraktion-kopftuchverbot-in-der-justiz-zur-herstellung-der-religioesen-neutralitaet","status":"publish","type":"post","link":"https:\/\/www.sahra-damus.de\/wordpress\/meine-rede-zum-antrag-der-afd-fraktion-kopftuchverbot-in-der-justiz-zur-herstellung-der-religioesen-neutralitaet\/","title":{"rendered":"Meine Rede zum Antrag der AfD-Fraktion &#8220;Kopftuchverbot in der Justiz zur Herstellung der religi\u00f6sen Neutralit\u00e4t&#8221;"},"content":{"rendered":"<p>Es gilt das gesprochene Wort! &#8211;<\/p>\n<blockquote><p><em>Sehr geehrte Frau Pr\u00e4sidentin,<span class=\"Apple-converted-space\">\u00a0<\/span><\/em><\/p>\n<p><em>liebe Kolleg*innen,<span class=\"Apple-converted-space\">\u00a0<\/span><\/em><\/p>\n<p><em>liebe G\u00e4ste,<span class=\"Apple-converted-space\">\u00a0<\/span><\/em><\/p>\n<p><em>werte Kolleg*innen von der AfD, wahrscheinlich sind Sie in lauten Jubel ausgebrochen, als sie das eben zitierte Urteil des Bundesverfassungsgerichts aus dem Februar gelesen haben.<span class=\"Apple-converted-space\">\u00a0<\/span><\/em><\/p>\n<p><em>Hey, haben Sie sich gedacht, das passt super ins AfD-Profil, lasst uns mal wieder einen Antrag zum Kopftuchverbot machen,<span class=\"Apple-converted-space\">\u00a0<\/span>das funktioniert bei Facebook immer so gut:<span class=\"Apple-converted-space\">\u00a0<\/span><\/em><\/p>\n<ul>\n<li><em>Angst sch\u00fcren vor Muslimen,<span class=\"Apple-converted-space\">\u00a0<\/span><\/em><\/li>\n<li><em>Frauen als unterdr\u00fcckte Wesen darstellen<\/em><\/li>\n<li><em>und entgegen der Faktenlage eine M\u00fccke zum Elefanten zu machen.<span class=\"Apple-converted-space\">\u00a0<\/span><\/em><\/li>\n<\/ul>\n<p><em>Sie wollen mit diesem Antrag den Anschein erwecken, dass besagte Gerichtsurteil sei ein Paradigmenwechsel und Sie die K\u00e4mpfer*innen f\u00fcr die Neutralit\u00e4t der Justiz.\u00a0Mitnichten.<span class=\"Apple-converted-space\">\u00a0<\/span>Sie sollten den Beschluss mal bis zum Ende lesen, dann k\u00f6nnten wir unsere Zeit auch mit sinnvollen Antr\u00e4gen verbringen.<span class=\"Apple-converted-space\">\u00a0<\/span><\/em><\/p>\n<p><em>Die religi\u00f6se Neutralit\u00e4t des Staates ist ein hohes Gut, das es zu erhalten gilt. Allerdings ignorieren Sie genau das mit Ihrem Antrag.<span class=\"Apple-converted-space\">\u00a0<\/span>Denn das Bundesverfassungsgericht gibt uns als Parlament nach wie vor die Aufgabe, die beiden Verfassungsg\u00fcter<span class=\"Apple-converted-space\">\u00a0<\/span>Religionsfreiheit und<span class=\"Apple-converted-space\">\u00a0<\/span>weltanschaulich-religi\u00f6se Neutralit\u00e4t des Staates<span class=\"Apple-converted-space\">\u00a0<\/span>abzuw\u00e4gen und miteinander in Einklang zu bringen.<span class=\"Apple-converted-space\">\u00a0<\/span><\/em><\/p>\n<p><em>Keines der beiden Verfassungsg\u00fcter \u00fcberwiegt so stark,<span class=\"Apple-converted-space\">\u00a0<\/span>dass es das andere per se aufheben kann.<span class=\"Apple-converted-space\">\u00a0<\/span>Das Tragen eines Kopftuches an sich ist keine Verfassungswidrigkeit, auch nicht bei einer Richterin, einer Staatsanw\u00e4ltin oder einer Referendarin.<span class=\"Apple-converted-space\">\u00a0<\/span><\/em><\/p>\n<p><em>Ein solches, von Ihnen gefordertes Gesetz m\u00fcsste &#8211; um verfassungsgem\u00e4\u00df zu sein &#8211;<span class=\"Apple-converted-space\">\u00a0 <\/span>s\u00e4mtliche religi\u00f6sen Symbole gleichbehandeln. Sie picken sich aber eines heraus.<\/em><\/p>\n<p><em>Unser Grundgesetz verbietet n\u00e4mlich die Privilegierung und auch die Benachteiligung einzelner Religionen.<span class=\"Apple-converted-space\">\u00a0<\/span>Der Staat darf sich nicht mit einer bestimmten Religion identifizieren oder sie ablehnen. Und stellen Sie sich mal vor: Stattdessen spricht das Grundgesetz sogar davon, dass der Staat gekennzeichnet ist von Offenheit gegen\u00fcber der Vielfalt von Weltanschauungen und Religionen.<span class=\"Apple-converted-space\">\u00a0<\/span>Unser Staat baut auf einem Menschenbild auf, das gepr\u00e4gt ist von der W\u00fcrde des Menschen, eines jeden Menschen. Auch der W\u00fcrde einer Muslima mit Kopftuch.<\/em><\/p>\n<p><em>Was sie dabei vergessen: die Funktionsf\u00e4higkeit der Justiz h\u00e4ngt nicht nur davon ab, dass der Staat religi\u00f6s neutral ist, sondern auch davon, dass die Justiz unsere gesellschaftliche Vielfalt widerspiegelt und in sich diskriminierungsfrei ist.<span class=\"Apple-converted-space\">\u00a0<\/span><\/em><\/p>\n<p><em>Eine einseitige Justiz kann nur schwer Neutralit\u00e4t wahren.<span class=\"Apple-converted-space\">\u00a0<\/span><\/em><\/p>\n<p><em>Angesichts dessen, dass wir hier \u00fcber eine einzige Person in der Brandenburger Justiz sprechen, die je in ihrer juristischen Funktion ein Kopftuch getragen hat, wird klar, dass sie sich an jeden Strohhalm klammern um \u00fcberhaupt einen Anlass zu haben, gegen muslimische Mitb\u00fcrger*innen Stimmung zu machen.\u00a0Sie stellen das Tragen des Kopftuches als einen Angriff auf die staatliche Neutralit\u00e4t dar. Dieses vergiftete Gedankengut l\u00e4sst Sie blind werden f\u00fcr die Grunds\u00e4tze unseres Rechtsstaates.<\/em><\/p>\n<p><em>Mir ist schon klar, dass es nicht in Ihr Weltbild passt, wenn eine Muslima eine rechtsstaatliche Funktion aus\u00fcbt.<span class=\"Apple-converted-space\">\u00a0<\/span>Das w\u00fcrde ja hei\u00dfen: Da ist eine Frau, die sich ihren Weg in eine wichtige Funktion unserer Gesellschaft erarbeitet hat und selbstbestimmt entscheidet, dass sie ein Kopftuch tragen will.<span class=\"Apple-converted-space\">\u00a0<\/span><\/em><\/p>\n<p><em>Das passt so gar nicht zu der immer wieder erz\u00e4hlten Geschichte, Frauen mit Kopftuch seien unterdr\u00fcckt, ihres eigenen Willens beraubt.<span class=\"Apple-converted-space\">\u00a0<\/span>Die Muslima im Gerichtssaal f\u00fchrt ihnen das Gegenteil vor Augen, und genau deswegen wollen sie das unterbinden.\u00a0Sie reduzieren eine hervorragend ausgebildete Juristin darauf, welche Religion sie hat. Das sagt nichts dar\u00fcber aus, ob sie eine emanzipierte Frau oder eine gute Juristin ist.<span class=\"Apple-converted-space\">\u00a0<\/span>Sondern offenbart nur, dass Sie offenbar gegen Religionsfreiheit sind.<\/em><\/p>\n<p><em>Letztlich schr\u00e4nken Sie mit diesem Antrag genau das ein, was sie vorgeben sch\u00fctzen zu wollen: <\/em><br \/>\n<em>die Religionsfreiheit,<span class=\"Apple-converted-space\">\u00a0<\/span>die Neutralit\u00e4t des Staates,\u00a0und: den freien Willen der Frau.<\/em><\/p>\n<p><em>Wir lehnen den Antrag daher ab.<\/em><\/p><\/blockquote>\n","protected":false},"excerpt":{"rendered":"<p>Es gilt das gesprochene Wort! &#8211; Sehr geehrte Frau Pr\u00e4sidentin,\u00a0 liebe Kolleg*innen,\u00a0 liebe G\u00e4ste,\u00a0 werte Kolleg*innen von der AfD, wahrscheinlich sind Sie in lauten Jubel ausgebrochen, als sie das eben [&hellip;]<\/p>\n","protected":false},"author":1,"featured_media":0,"comment_status":"open","ping_status":"open","sticky":false,"template":"","format":"standard","meta":{"footnotes":""},"categories":[8,9],"tags":[],"class_list":["post-305","post","type-post","status-publish","format-standard","hentry","category-imlandtag","category-meine_reden"],"_links":{"self":[{"href":"https:\/\/www.sahra-damus.de\/wordpress\/wp-json\/wp\/v2\/posts\/305","targetHints":{"allow":["GET"]}}],"collection":[{"href":"https:\/\/www.sahra-damus.de\/wordpress\/wp-json\/wp\/v2\/posts"}],"about":[{"href":"https:\/\/www.sahra-damus.de\/wordpress\/wp-json\/wp\/v2\/types\/post"}],"author":[{"embeddable":true,"href":"https:\/\/www.sahra-damus.de\/wordpress\/wp-json\/wp\/v2\/users\/1"}],"replies":[{"embeddable":true,"href":"https:\/\/www.sahra-damus.de\/wordpress\/wp-json\/wp\/v2\/comments?post=305"}],"version-history":[{"count":1,"href":"https:\/\/www.sahra-damus.de\/wordpress\/wp-json\/wp\/v2\/posts\/305\/revisions"}],"predecessor-version":[{"id":306,"href":"https:\/\/www.sahra-damus.de\/wordpress\/wp-json\/wp\/v2\/posts\/305\/revisions\/306"}],"wp:attachment":[{"href":"https:\/\/www.sahra-damus.de\/wordpress\/wp-json\/wp\/v2\/media?parent=305"}],"wp:term":[{"taxonomy":"category","embeddable":true,"href":"https:\/\/www.sahra-damus.de\/wordpress\/wp-json\/wp\/v2\/categories?post=305"},{"taxonomy":"post_tag","embeddable":true,"href":"https:\/\/www.sahra-damus.de\/wordpress\/wp-json\/wp\/v2\/tags?post=305"}],"curies":[{"name":"wp","href":"https:\/\/api.w.org\/{rel}","templated":true}]}}