{"id":315,"date":"2020-06-03T16:34:17","date_gmt":"2020-06-03T16:34:17","guid":{"rendered":"https:\/\/www.sahra-damus.de\/?p=315"},"modified":"2020-06-03T20:36:48","modified_gmt":"2020-06-03T20:36:48","slug":"umstrittener-oderausbau-buendnisgruene-sehen-die-polnischen-plaene-kritisch-projekt-muss-auf-den-pruefstand","status":"publish","type":"post","link":"https:\/\/www.sahra-damus.de\/wordpress\/umstrittener-oderausbau-buendnisgruene-sehen-die-polnischen-plaene-kritisch-projekt-muss-auf-den-pruefstand\/","title":{"rendered":"Umstrittener Oderausbau: B\u00fcndnisgr\u00fcne sehen die polnischen Pl\u00e4ne kritisch. \u201eProjekt muss auf den Pr\u00fcfstand\u201c"},"content":{"rendered":"<p>Die Brandenburger B\u00fcndnisgr\u00fcnen sehen den von Polen forcierten Ausbau der Oder kritisch. &#8220;Das ganze Vorhaben muss unbedingt auf den Pr\u00fcfstand. Das kann Brandenburg aber nicht alleine machen, daf\u00fcr muss dringend auch die Bundesregierung ins Boot geholt werden&#8221;, fordert die f\u00fcr Frankfurt (Oder) und M\u00e4rkisch Oderland zust\u00e4ndige Landtagsabgeordnete Sahra Damus (B90\/ Die Gr\u00fcnen). R\u00fcckendeckung erhalten die B\u00fcndnisgr\u00fcnen von ihrem Umweltminister Axel Vogel. In der Sitzung des Umweltausschusses erkl\u00e4rte Minister Vogel, er sei mit dem Bundesumweltministerium (BMU) dazu im Gespr\u00e4ch.<\/p>\n<p>Polen will derzeit einseitig den Oderausbau vorantreiben. Grundlage daf\u00fcr ist das Deutsch-Polnische Wasserstra\u00dfenabkommen aus dem Jahr 2015, das die Bundesregierung mit der polnischen Regierung in Warschau abgeschlossen hat. &#8220;Sollte die Oder einseitig auf polnischer Seite ausgebaut werden, ist der Hochwasserschutz f\u00fcr Brandenburg nicht mehr gew\u00e4hrleistet und sensible Naturr\u00e4ume wie der Nationalpark Unteres Odertal werden beeintr\u00e4chtigt&#8221;, mahnt Sahra Damus. Auch Umweltverb\u00e4nde beider L\u00e4nder laufen seit Jahren Sturm gegen die Pl\u00e4ne.<\/p>\n<p>Die umweltpolitische Sprecherin der b\u00fcndnisgr\u00fcnen Landtagsfraktion Isabell Hiekel sieht den Ausbau der Oder nicht im Einklang mit dem EU-Umweltrecht. &#8220;Ich bin der Auffassung, dass sich die Pl\u00e4ne Polens zum Ausbau der Oder mit den Anforderung der Europ\u00e4ischen Wasserrahmenrichtlinie nicht in Einklang bringen lassen&#8221;, gibt Hiekel zu bedenken. Nach der Rahmenrichtlinie der EU darf es keine Verschlechterung des Zustandes der Gew\u00e4sser mehr geben: &#8220;Ein Ausbau ist aus meiner Sicht definitiv eine Verschlechterung&#8221;. Die Brandenburger B\u00fcndnisgr\u00fcnen wollen nun \u00fcber ihre Parteikollegin und Vorsitzenden der Gr\u00fcnen\/EFA-Fraktion im Europ\u00e4ischen Parlament Ska Keller das Thema &#8220;Oderausbau&#8221; in Br\u00fcssel zur Sprache bringen. Auf EU-Ebene wollen sowohl die deutschen als auch die polnischen Gr\u00fcnen das Thema vorantreiben. Auch die Fraktion der B\u00fcndnisgr\u00fcnen im Bundestag erh\u00f6ht den Druck und hat jetzt eine umfangreiche parlamentarische Anfrage an die Bundesregierung eingereicht.<\/p>\n<h2>Mehr Informationen<\/h2>\n<p><a class=\"external-link-new-window\" title=\"Opens internal link in current window\" href=\"https:\/\/dip21.bundestag.de\/dip21\/btd\/19\/189\/1918918.pdf\" target=\"_blank\" rel=\"noopener noreferrer\">Kleine Anfrage im Bundestag: Drohende Gefahr f\u00fcr Naturlandschaft der Oder durch geplante Flussregulierung (pdf)<\/a><\/p>\n<p>&nbsp;<\/p>\n<p>&nbsp;<\/p>\n","protected":false},"excerpt":{"rendered":"<p>Die Brandenburger B\u00fcndnisgr\u00fcnen sehen den von Polen forcierten Ausbau der Oder kritisch. &#8220;Das ganze Vorhaben muss unbedingt auf den Pr\u00fcfstand. Das kann Brandenburg aber nicht alleine machen, daf\u00fcr muss dringend [&hellip;]<\/p>\n","protected":false},"author":1,"featured_media":0,"comment_status":"open","ping_status":"open","sticky":false,"template":"","format":"standard","meta":{"footnotes":""},"categories":[7],"tags":[],"class_list":["post-315","post","type-post","status-publish","format-standard","hentry","category-pressemitteilungen"],"_links":{"self":[{"href":"https:\/\/www.sahra-damus.de\/wordpress\/wp-json\/wp\/v2\/posts\/315","targetHints":{"allow":["GET"]}}],"collection":[{"href":"https:\/\/www.sahra-damus.de\/wordpress\/wp-json\/wp\/v2\/posts"}],"about":[{"href":"https:\/\/www.sahra-damus.de\/wordpress\/wp-json\/wp\/v2\/types\/post"}],"author":[{"embeddable":true,"href":"https:\/\/www.sahra-damus.de\/wordpress\/wp-json\/wp\/v2\/users\/1"}],"replies":[{"embeddable":true,"href":"https:\/\/www.sahra-damus.de\/wordpress\/wp-json\/wp\/v2\/comments?post=315"}],"version-history":[{"count":1,"href":"https:\/\/www.sahra-damus.de\/wordpress\/wp-json\/wp\/v2\/posts\/315\/revisions"}],"predecessor-version":[{"id":316,"href":"https:\/\/www.sahra-damus.de\/wordpress\/wp-json\/wp\/v2\/posts\/315\/revisions\/316"}],"wp:attachment":[{"href":"https:\/\/www.sahra-damus.de\/wordpress\/wp-json\/wp\/v2\/media?parent=315"}],"wp:term":[{"taxonomy":"category","embeddable":true,"href":"https:\/\/www.sahra-damus.de\/wordpress\/wp-json\/wp\/v2\/categories?post=315"},{"taxonomy":"post_tag","embeddable":true,"href":"https:\/\/www.sahra-damus.de\/wordpress\/wp-json\/wp\/v2\/tags?post=315"}],"curies":[{"name":"wp","href":"https:\/\/api.w.org\/{rel}","templated":true}]}}