{"id":317,"date":"2020-06-04T18:05:23","date_gmt":"2020-06-04T18:05:23","guid":{"rendered":"https:\/\/www.sahra-damus.de\/?p=317"},"modified":"2020-06-10T16:12:59","modified_gmt":"2020-06-10T16:12:59","slug":"koalitionsausschuss-hat-entschieden-bstu-aussenstelle-bleibt-in-frankfurt-oder","status":"publish","type":"post","link":"https:\/\/www.sahra-damus.de\/wordpress\/koalitionsausschuss-hat-entschieden-bstu-aussenstelle-bleibt-in-frankfurt-oder\/","title":{"rendered":"Koalitionsausschuss hat entschieden: BStU-Au\u00dfenstelle bleibt in Frankfurt (Oder)\u00a0"},"content":{"rendered":"<p>Am heutigen Donnerstag wurde im Koalitionsauschuss die Entscheidung getroffen: Die BStU-Au\u00dfenstelle mit ihrem Archiv verbleibt auch zuk\u00fcnftig an ihrem Standort in Frankfurt (Oder).<span class=\"Apple-converted-space\">\u00a0<\/span><\/p>\n<p>Die gr\u00fcne Landtagsabgeordnete Sahra Damus begr\u00fc\u00dft diese Entscheidung ausdr\u00fccklich: \u201eIch freue mich sehr, dass nun endlich Klarheit herrscht. Wir haben uns in den letzten Monaten zusammen mit vielen Akteuren der Stadt daf\u00fcr stark gemacht, dass die BStU-Au\u00dfenstelle als gut funktionierende und in Frankfurt verwurzelte Institution hier in der Stadt bleibt. Ein Umzug nach Cottbus h\u00e4tte in Frankfurt eine gro\u00dfe Leerstelle hinterlassen und w\u00e4re zudem wirtschaftlich kaum erkl\u00e4rbar gewesen. Der in dieser Zeit entstandene Freundeskreis der BStU-Au\u00dfenstelle Frankfurt (Oder) ist dabei ein zus\u00e4tzlicher Gewinn.\u201c<span class=\"Apple-converted-space\">\u00a0<\/span><\/p>\n<p>Kreisverbandssprecherin Alena Karaschinski erg\u00e4nzt: \u201eWir Frankfurter*innen mussten unsere BStU-Au\u00dfenstelle in den letzten zwei Jahren verteidigen. Das war am Ende erfolgreich, weil wir in Frankfurt (Oder) zusammen agiert haben. Die Au\u00dfenstelle in Frankfurt zu belassen, ist absolut richtig. Genauso richtig ist das Vorhaben der Landesregierung, die Aufarbeitung der DDR-Vergangenheit und die historisch-politische Bildung dazu insgesamt in Brandenburg st\u00e4rken zu wollen. Der Gedanke, einer weiteren BStU-Au\u00dfenstelle mit 10 Mitarbeitenden in Cottbus, die die wertvolle Arbeit des Menschenrechtzentrums erg\u00e4nzt, ist sehr sinnvoll f\u00fcr das Land Brandenburg. Des Weiteren sollte der hiesige BStU-Standort nicht nur um die Potsdamer Akten erweitert werden, sondern auch um ein paar Personalstellen, um die historisch-politische Bildungsarbeit vor Ort und im ganzen Land zu intensivieren.\u201c<span class=\"Apple-converted-space\">\u00a0<\/span><\/p>\n","protected":false},"excerpt":{"rendered":"<p>Am heutigen Donnerstag wurde im Koalitionsauschuss die Entscheidung getroffen: Die BStU-Au\u00dfenstelle mit ihrem Archiv verbleibt auch zuk\u00fcnftig an ihrem Standort in Frankfurt (Oder).\u00a0 Die gr\u00fcne Landtagsabgeordnete Sahra Damus begr\u00fc\u00dft diese [&hellip;]<\/p>\n","protected":false},"author":1,"featured_media":0,"comment_status":"open","ping_status":"open","sticky":false,"template":"","format":"standard","meta":{"footnotes":""},"categories":[7],"tags":[],"class_list":["post-317","post","type-post","status-publish","format-standard","hentry","category-pressemitteilungen"],"_links":{"self":[{"href":"https:\/\/www.sahra-damus.de\/wordpress\/wp-json\/wp\/v2\/posts\/317","targetHints":{"allow":["GET"]}}],"collection":[{"href":"https:\/\/www.sahra-damus.de\/wordpress\/wp-json\/wp\/v2\/posts"}],"about":[{"href":"https:\/\/www.sahra-damus.de\/wordpress\/wp-json\/wp\/v2\/types\/post"}],"author":[{"embeddable":true,"href":"https:\/\/www.sahra-damus.de\/wordpress\/wp-json\/wp\/v2\/users\/1"}],"replies":[{"embeddable":true,"href":"https:\/\/www.sahra-damus.de\/wordpress\/wp-json\/wp\/v2\/comments?post=317"}],"version-history":[{"count":2,"href":"https:\/\/www.sahra-damus.de\/wordpress\/wp-json\/wp\/v2\/posts\/317\/revisions"}],"predecessor-version":[{"id":328,"href":"https:\/\/www.sahra-damus.de\/wordpress\/wp-json\/wp\/v2\/posts\/317\/revisions\/328"}],"wp:attachment":[{"href":"https:\/\/www.sahra-damus.de\/wordpress\/wp-json\/wp\/v2\/media?parent=317"}],"wp:term":[{"taxonomy":"category","embeddable":true,"href":"https:\/\/www.sahra-damus.de\/wordpress\/wp-json\/wp\/v2\/categories?post=317"},{"taxonomy":"post_tag","embeddable":true,"href":"https:\/\/www.sahra-damus.de\/wordpress\/wp-json\/wp\/v2\/tags?post=317"}],"curies":[{"name":"wp","href":"https:\/\/api.w.org\/{rel}","templated":true}]}}