{"id":319,"date":"2020-06-05T16:41:01","date_gmt":"2020-06-05T16:41:01","guid":{"rendered":"https:\/\/www.sahra-damus.de\/?p=319"},"modified":"2020-06-06T06:49:25","modified_gmt":"2020-06-06T06:49:25","slug":"obstbauversuchsstation-muencheberg-generationsuebergreifende-arbeit-und-wissenstransfer-muss-gesichert-werden","status":"publish","type":"post","link":"https:\/\/www.sahra-damus.de\/wordpress\/obstbauversuchsstation-muencheberg-generationsuebergreifende-arbeit-und-wissenstransfer-muss-gesichert-werden\/","title":{"rendered":"Obstbauversuchsstation M\u00fcncheberg: Generations\u00fcbergreifende Arbeit und Wissenstransfer muss gesichert werden"},"content":{"rendered":"<p>Am Donnerstag informierten sich die b\u00fcndnisgr\u00fcnen Landtagsabgeordneten Sahra Damus und Isabell Hiekel vor Ort \u00fcber die Arbeit der Obstbauversuchsstation M\u00fcncheberg, deren Fortbestand lange auf der Kippe stand. Anlass des Informationsbesuches war die Angliederung der renommierten Forschungsstation an die Lehr- und Versuchsanstalt f\u00fcr Gartenbau und Arboristik (LVGA) mit Hauptsitz in Gro\u00dfbeeren im vergangenen Jahr. Durch die Eingliederung konnte die Station weiter betrieben werden. Bei einem etwa dreist\u00fcndigen Rundgang zusammen mit dem Leiter der Station Dr. Hilmar Schw\u00e4rzel, Vertretern der LVGA, von Obstlandwirten aus Brandenburg sowie Mitgliedern der \u201eInitiative f\u00fcr den Wiederaufbau der Obstbauversuchsstation\u201c machten sich die Abgeordneten ein Bild von der Lage.<\/p>\n<p><img loading=\"lazy\" decoding=\"async\" class=\" wp-image-320 alignright\" src=\"https:\/\/www.sahra-damus.de\/wordpresswp-content\/uploads\/2020\/06\/Foto-PM-Obstanbauversuchstation-2-c-WKB-Sahra-Damus-300x217.jpg\" alt=\"\" width=\"400\" height=\"289\" srcset=\"https:\/\/www.sahra-damus.de\/wordpress\/wp-content\/uploads\/2020\/06\/Foto-PM-Obstanbauversuchstation-2-c-WKB-Sahra-Damus-300x217.jpg 300w, https:\/\/www.sahra-damus.de\/wordpress\/wp-content\/uploads\/2020\/06\/Foto-PM-Obstanbauversuchstation-2-c-WKB-Sahra-Damus-1024x739.jpg 1024w, https:\/\/www.sahra-damus.de\/wordpress\/wp-content\/uploads\/2020\/06\/Foto-PM-Obstanbauversuchstation-2-c-WKB-Sahra-Damus-768x554.jpg 768w, https:\/\/www.sahra-damus.de\/wordpress\/wp-content\/uploads\/2020\/06\/Foto-PM-Obstanbauversuchstation-2-c-WKB-Sahra-Damus-1536x1109.jpg 1536w, https:\/\/www.sahra-damus.de\/wordpress\/wp-content\/uploads\/2020\/06\/Foto-PM-Obstanbauversuchstation-2-c-WKB-Sahra-Damus-2048x1479.jpg 2048w\" sizes=\"auto, (max-width: 400px) 100vw, 400px\" \/>\u201eWir freuen uns, dass die organisatorische Angliederung offenbar gut funktioniert hat und der Standort mit seinem wertvollen Potenzial f\u00fcr den Obstanbau\u00a0erhalten werden kann\u201c, sagt die agrarpolitische Sprecherin der b\u00fcndnisgr\u00fcnen Landtagsfraktion Isabell Hiekel. Probleme gebe es allerdings noch bei der Personalausstattung. Mit \u201eformal drei vollen Stellen\u201c sei die Arbeit kaum zu schaffen, erl\u00e4uterte Schw\u00e4rzel. Von den radikalen K\u00fcrzungen Anfang der 2010er Jahre habe sich die Station immer noch nicht\u00a0erholt. Offen sei vor allem die Nachfolge des Stationsleiters. \u201eWir nehmen das Problem mit in den Landtag. Obstbauforschung braucht Kontinuit\u00e4t \u00fcber lange Zeitr\u00e4ume. Eine generations\u00fcbergreifende Arbeit und der Wissenstransfer muss gesichert werden\u201c, meint Damus. \u201eDas gilt ganz besonders in Zeiten des Klimawandels, der den landwirtschaftlichen Betrieben sehr zu schaffen macht.\u201d<\/p>\n<p>Mit der Ostbauversuchsanstalt, die um 1910 unter dem Kaiser Wilhelm II. gegr\u00fcndet wurde, besitzt Brandenburg eine einzigartige Gendatenbank. Seit fast 90 Jahren w\u00e4chst bei M\u00fcncheberg auf 32 Hektar Anbaufl\u00e4che Obst \u2013 derzeit \u00fcber 1000 Apfelsorten, sowie etwa 100 Sorten Birnen-, 50 Kirsch- und 25 Aprikosensorten. \u201eAus einer Perspektive der Klimaanpassung sind obstgenetischen Ressourcen in M\u00fcncheberg sehr wertvoll und m\u00fcssen erhalten werden. Da die Obstbauforschung Kontinuit\u00e4t \u00fcber lange Zeitr\u00e4ume braucht, m\u00fcssen wir die Rahmenbedingungen daf\u00fcr verbessern\u201c, sagt Hiekel.<\/p>\n<p>Vor dem Hintergrund der fortschreitenden Klimakrise nimmt der Bedarf an Obstsorten zu, die den ver\u00e4nderten klimatischen Bedingungen standhalten. \u201eDie Forschung in M\u00fcncheberg ist unbedingt notwendig, um auch im Land Brandenburg zuk\u00fcnftig Arbeitspl\u00e4tze im Obstbau zu sichern und die traditionellen Obstbaustandorte zu erhalten. Es ist wichtig, die Bev\u00f6lkerung mit frischem und regionalem Obst zu versorgen\u201c, sagt Damus.<\/p>\n<p>Besuche bei der Obstbauversuchanstalt ist bei den Brandenburger B\u00fcndnisgr\u00fcnen Tradition. In der Vergangenheit besuchten bereits Landtagsabgeordnete wie Benjamin Raschke, Kreistagabgeordnete Sabine Niels oder die Bundestagsabgeordnete Annalena Baerbock die renommierte Station. Ohne das Engagement der Gr\u00fcnen w\u00fcrde es die Anstalt nicht mehr geben, lobte der Leiter der Station.<\/p>\n<p>&nbsp;<\/p>\n","protected":false},"excerpt":{"rendered":"<p>Am Donnerstag informierten sich die b\u00fcndnisgr\u00fcnen Landtagsabgeordneten Sahra Damus und Isabell Hiekel vor Ort \u00fcber die Arbeit der Obstbauversuchsstation M\u00fcncheberg, deren Fortbestand lange auf der Kippe stand. Anlass des Informationsbesuches [&hellip;]<\/p>\n","protected":false},"author":1,"featured_media":0,"comment_status":"open","ping_status":"open","sticky":false,"template":"","format":"standard","meta":{"footnotes":""},"categories":[7],"tags":[],"class_list":["post-319","post","type-post","status-publish","format-standard","hentry","category-pressemitteilungen"],"_links":{"self":[{"href":"https:\/\/www.sahra-damus.de\/wordpress\/wp-json\/wp\/v2\/posts\/319","targetHints":{"allow":["GET"]}}],"collection":[{"href":"https:\/\/www.sahra-damus.de\/wordpress\/wp-json\/wp\/v2\/posts"}],"about":[{"href":"https:\/\/www.sahra-damus.de\/wordpress\/wp-json\/wp\/v2\/types\/post"}],"author":[{"embeddable":true,"href":"https:\/\/www.sahra-damus.de\/wordpress\/wp-json\/wp\/v2\/users\/1"}],"replies":[{"embeddable":true,"href":"https:\/\/www.sahra-damus.de\/wordpress\/wp-json\/wp\/v2\/comments?post=319"}],"version-history":[{"count":4,"href":"https:\/\/www.sahra-damus.de\/wordpress\/wp-json\/wp\/v2\/posts\/319\/revisions"}],"predecessor-version":[{"id":324,"href":"https:\/\/www.sahra-damus.de\/wordpress\/wp-json\/wp\/v2\/posts\/319\/revisions\/324"}],"wp:attachment":[{"href":"https:\/\/www.sahra-damus.de\/wordpress\/wp-json\/wp\/v2\/media?parent=319"}],"wp:term":[{"taxonomy":"category","embeddable":true,"href":"https:\/\/www.sahra-damus.de\/wordpress\/wp-json\/wp\/v2\/categories?post=319"},{"taxonomy":"post_tag","embeddable":true,"href":"https:\/\/www.sahra-damus.de\/wordpress\/wp-json\/wp\/v2\/tags?post=319"}],"curies":[{"name":"wp","href":"https:\/\/api.w.org\/{rel}","templated":true}]}}