{"id":348,"date":"2020-06-18T18:00:28","date_gmt":"2020-06-18T18:00:28","guid":{"rendered":"https:\/\/www.sahra-damus.de\/?p=348"},"modified":"2020-06-19T08:52:09","modified_gmt":"2020-06-19T08:52:09","slug":"oderausbau-buendnisgruene-nehmen-ausschussvorsitzenden-in-schutz-und-weisen-ausbauplaene-zurueck","status":"publish","type":"post","link":"https:\/\/www.sahra-damus.de\/wordpress\/oderausbau-buendnisgruene-nehmen-ausschussvorsitzenden-in-schutz-und-weisen-ausbauplaene-zurueck\/","title":{"rendered":"Oderausbau: B\u00fcndnisgr\u00fcne nehmen Ausschussvorsitzenden in Schutz und weisen Ausbaupl\u00e4ne zur\u00fcck"},"content":{"rendered":"<p>Zum Bericht in der M\u00e4rkischen Oderzeitung hinsichtlich der Kritik der IHK Ostbrandenburg am Vorgehen des Umweltausschusses und des Pl\u00e4doyers f\u00fcr eine Containerschifffahrt auf der Oder \u00e4u\u00dfert sich die b\u00fcndnisgr\u00fcne Landtagsabgeordnete und naturschutzpolitische Sprecherin Isabell Hiekel wie folgt:<\/p>\n<p>&#8220;Die Kritik der IHK Ostbrandenburg an der angeblich einseitigen Einladung \u00fcberrascht. Der Vorwurf, es sei g\u00e4ngige parlamentarische Praxis verletzt worden, ist zur\u00fcckzuweisen. Der Ausschussvorsitzende und die Verwaltung haben v\u00f6llig korrekt und im Einklang mit der Praxis der letzten Jahre gehandelt. Die im Nationalparkgesetz des Landes vorgesehene j\u00e4hrliche Vorstellung des Fortschrittsberichts erfolgt regelm\u00e4\u00dfig durch den Nationalparkleiter.<\/p>\n<p>Der nicht zutreffende Vorwurf hat offensichtlich einen anderen Hintergrund: Die IHK Ostbrandenburg setzt sich f\u00fcr einen Oderausbau und die Intensivierung des G\u00fcterverkehrs auf diesem letzten freiflie\u00dfenden Fluss ein. Die daf\u00fcr vorgebrachten Argumente entbehren jeder fachlichen Grundlage: Die Hochwassersicherheit f\u00fcr Brandenburg wird eher durch den einseitigen Oderausbau auf polnischer Seite gef\u00e4hrdet.&#8221;<\/p>\n<p>Die Frankfurter b\u00fcndnisgr\u00fcne Landtagsabgeordnete Sahra Damus erg\u00e4nzt:<\/p>\n<p>&#8220;G\u00fcterverkehr auf der Oder ist heutzutage wirtschaftlich nicht m\u00f6glich. Daf\u00fcr ist die Wassertiefe zu gering; es k\u00f6nnten nur Schiffe mit geringem Tiefgang eingesetzt werden, was nicht effizient ist. Auch mit einer Vertiefung w\u00fcrde dies nicht erreicht, denn durch die immer h\u00e4ufigeren Niedrigwasserst\u00e4nde aufgrund von D\u00fcrren r\u00fcckt wirtschaftliche Schifffahrt in noch weitere Ferne. Zugleich w\u00fcrde dadurch der Naturraum zerst\u00f6rt. Schon jetzt ist die Oder teilweise monatelang nicht schiffbar. Diese Einsch\u00e4tzung teilen auch die Bundesregierung und die Wasser- und Schifffahrtsverwaltung, die keinen Ausbau der G\u00fcterschifffahrt auf der Oder planen. Es ist bedauerlich, dass die IHK Ostbrandenburg seit Monaten und Jahren diese Realit\u00e4t nicht zur Kenntnis nimmt und damit ihre Mitglieder fehlinformiert. Stattdessen sollten wir uns gemeinsam f\u00fcr naturnahen Tourismus auf der Oder einsetzen.&#8221;<\/p>\n<h3>Hintergrund:<\/h3>\n<p><a href=\"https:\/\/www.moz.de\/nachrichten\/brandenburg\/artikel-ansicht\/dg\/0\/1\/1809475\/\">&gt;&gt; Bericht der M\u00e4rkischen Oderzeitung vom 18. Juni\u00a0<\/a><\/p>\n","protected":false},"excerpt":{"rendered":"<p>Zum Bericht in der M\u00e4rkischen Oderzeitung hinsichtlich der Kritik der IHK Ostbrandenburg am Vorgehen des Umweltausschusses und des Pl\u00e4doyers f\u00fcr eine Containerschifffahrt auf der Oder \u00e4u\u00dfert sich die b\u00fcndnisgr\u00fcne Landtagsabgeordnete [&hellip;]<\/p>\n","protected":false},"author":1,"featured_media":0,"comment_status":"open","ping_status":"open","sticky":false,"template":"","format":"standard","meta":{"footnotes":""},"categories":[7],"tags":[],"class_list":["post-348","post","type-post","status-publish","format-standard","hentry","category-pressemitteilungen"],"_links":{"self":[{"href":"https:\/\/www.sahra-damus.de\/wordpress\/wp-json\/wp\/v2\/posts\/348","targetHints":{"allow":["GET"]}}],"collection":[{"href":"https:\/\/www.sahra-damus.de\/wordpress\/wp-json\/wp\/v2\/posts"}],"about":[{"href":"https:\/\/www.sahra-damus.de\/wordpress\/wp-json\/wp\/v2\/types\/post"}],"author":[{"embeddable":true,"href":"https:\/\/www.sahra-damus.de\/wordpress\/wp-json\/wp\/v2\/users\/1"}],"replies":[{"embeddable":true,"href":"https:\/\/www.sahra-damus.de\/wordpress\/wp-json\/wp\/v2\/comments?post=348"}],"version-history":[{"count":3,"href":"https:\/\/www.sahra-damus.de\/wordpress\/wp-json\/wp\/v2\/posts\/348\/revisions"}],"predecessor-version":[{"id":351,"href":"https:\/\/www.sahra-damus.de\/wordpress\/wp-json\/wp\/v2\/posts\/348\/revisions\/351"}],"wp:attachment":[{"href":"https:\/\/www.sahra-damus.de\/wordpress\/wp-json\/wp\/v2\/media?parent=348"}],"wp:term":[{"taxonomy":"category","embeddable":true,"href":"https:\/\/www.sahra-damus.de\/wordpress\/wp-json\/wp\/v2\/categories?post=348"},{"taxonomy":"post_tag","embeddable":true,"href":"https:\/\/www.sahra-damus.de\/wordpress\/wp-json\/wp\/v2\/tags?post=348"}],"curies":[{"name":"wp","href":"https:\/\/api.w.org\/{rel}","templated":true}]}}