{"id":352,"date":"2020-06-19T13:00:21","date_gmt":"2020-06-19T13:00:21","guid":{"rendered":"https:\/\/www.sahra-damus.de\/?p=352"},"modified":"2020-06-19T13:48:41","modified_gmt":"2020-06-19T13:48:41","slug":"meine-rede-zum-antrag-der-koalition-die-gute-kinoinfrastruktur-und-die-festivals-im-land-brandenburg-erhalten","status":"publish","type":"post","link":"https:\/\/www.sahra-damus.de\/wordpress\/meine-rede-zum-antrag-der-koalition-die-gute-kinoinfrastruktur-und-die-festivals-im-land-brandenburg-erhalten\/","title":{"rendered":"Meine Rede zum Antrag der Koalition \u201eDie gute Kinoinfrastruktur und die Festivals im Land Brandenburg erhalten\u201c"},"content":{"rendered":"<p>&#8211; Es gilt das gesprochene Wort!<\/p>\n<blockquote><p><em>Sehr geehrte Frau Pr\u00e4sidentin,<\/em><\/p>\n<p><em>Liebe Kolleg*innen,<\/em><\/p>\n<p><em>Werte G\u00e4ste,<\/em><\/p>\n<p><em>#firstinlastout. Dieser Hashtag bringt gerade die Situation vieler Kulturbetriebe auf den Punkt. Wir reden hier \u00fcber Langzeitbetroffene, die als erste absagen mussten und nun als letzte wieder einsteigen k\u00f6nnen. Eigentlich wollten wir uns um andere Baustellen im \u201eFestivalland Bran-denburg\u201c k\u00fcmmern, aber nun ist erst mal Krisenmanagement angesagt.<\/em><\/p>\n<p><em>Zwar gibt es auch im Kulturbereich Lockerungen, aber Veranstaltungen mit bis zu 1000 Personen, bleiben angesichts der Abstandspflicht und vieler Risiken schwierig umzusetzen. Und die Veranstalter*innen k\u00f6nnen nicht so schnell wieder hochfahren, Festivals brauchen einen langen Vorlauf. Es bleibt also wichtig, dass sich das Land Brandenburg mit Berlin auf vergleichbare Regeln verst\u00e4ndigt.<\/em><\/p>\n<p><em>Und auch die Kinos\u00e4le blieben monatelang dunkel. Wenn sie jetzt wieder \u00f6ffnen, fahren sie durch die Hygieneregeln weiter Verluste ein.<\/em><\/p>\n<p><em>Obwohl sie nat\u00fcrlich Kulturveranstaltungen sind, haben die kommerziellen Festivals das gleiche Problem wie die Kinos. Sie geh\u00f6ren formal nicht zur Zust\u00e4ndigkeit des Kulturministeriums und k\u00f6nnen deshalb nicht unter den Kulturrettungsschirm schl\u00fcpfen.<\/em><\/p>\n<p><em>Deswegen haben wir uns als kulturpolitische Sprecher*innen mit Franziska Pollin von Impuls Brandenburg, dem Landesverband der Festivals und der Soziokultur zusammengesetzt. Und wir stellen heute diesen Antrag. Zwar werden die Festivals und Kinos auch vom Konjunkturpaket des Bundes profitieren. Es ist aber noch nicht klar, ob das ausreicht um die Kinos und Festivals im Land zu erhalten. Daher soll die Landesregierung, d.h. vor allem das Wirtschaftsministerium und die Staatskanzlei, pr\u00fcfen bei Bedarf aus Landesmitteln nachzulegen.<\/em><\/p>\n<p><em>Denn wir brauchen beides dringend: Die Kinos als Kulturorte, gerade in kleineren St\u00e4dten. Und die Festivals mit ihrer teils internationalen Bedeutung. Sie sind Arbeitgeber f\u00fcr zig Gewerke und bereichern den l\u00e4ndlichen Raum. Sie bringen junge Leute zu uns, die sonst vielleicht nicht in Brandenburg landen w\u00fcrden. Und sie sind schlicht Unternehmen, die deswegen auch unter die Wirtschaftsf\u00f6rderung fallen m\u00fcssen.<\/em><\/p>\n<p><em>\u00dcber zuk\u00fcnftige F\u00f6rderkulissen k\u00f6nnen wir, liebe KollegInnen von der Linken, gern nach der Krise reden. Erstmal m\u00fcssen wir die Kinos und Festivals retten, und deswegen bitte ich um Zustimmung f\u00fcr unseren Antrag.<\/em><\/p><\/blockquote>\n<p>&nbsp;<\/p>\n","protected":false},"excerpt":{"rendered":"<p>&#8211; Es gilt das gesprochene Wort! Sehr geehrte Frau Pr\u00e4sidentin, Liebe Kolleg*innen, Werte G\u00e4ste, #firstinlastout. Dieser Hashtag bringt gerade die Situation vieler Kulturbetriebe auf den Punkt. Wir reden hier \u00fcber [&hellip;]<\/p>\n","protected":false},"author":1,"featured_media":0,"comment_status":"open","ping_status":"open","sticky":false,"template":"","format":"standard","meta":{"footnotes":""},"categories":[8,9],"tags":[],"class_list":["post-352","post","type-post","status-publish","format-standard","hentry","category-imlandtag","category-meine_reden"],"_links":{"self":[{"href":"https:\/\/www.sahra-damus.de\/wordpress\/wp-json\/wp\/v2\/posts\/352","targetHints":{"allow":["GET"]}}],"collection":[{"href":"https:\/\/www.sahra-damus.de\/wordpress\/wp-json\/wp\/v2\/posts"}],"about":[{"href":"https:\/\/www.sahra-damus.de\/wordpress\/wp-json\/wp\/v2\/types\/post"}],"author":[{"embeddable":true,"href":"https:\/\/www.sahra-damus.de\/wordpress\/wp-json\/wp\/v2\/users\/1"}],"replies":[{"embeddable":true,"href":"https:\/\/www.sahra-damus.de\/wordpress\/wp-json\/wp\/v2\/comments?post=352"}],"version-history":[{"count":3,"href":"https:\/\/www.sahra-damus.de\/wordpress\/wp-json\/wp\/v2\/posts\/352\/revisions"}],"predecessor-version":[{"id":367,"href":"https:\/\/www.sahra-damus.de\/wordpress\/wp-json\/wp\/v2\/posts\/352\/revisions\/367"}],"wp:attachment":[{"href":"https:\/\/www.sahra-damus.de\/wordpress\/wp-json\/wp\/v2\/media?parent=352"}],"wp:term":[{"taxonomy":"category","embeddable":true,"href":"https:\/\/www.sahra-damus.de\/wordpress\/wp-json\/wp\/v2\/categories?post=352"},{"taxonomy":"post_tag","embeddable":true,"href":"https:\/\/www.sahra-damus.de\/wordpress\/wp-json\/wp\/v2\/tags?post=352"}],"curies":[{"name":"wp","href":"https:\/\/api.w.org\/{rel}","templated":true}]}}