{"id":360,"date":"2020-06-17T17:00:40","date_gmt":"2020-06-17T17:00:40","guid":{"rendered":"https:\/\/www.sahra-damus.de\/?p=360"},"modified":"2020-06-19T10:52:42","modified_gmt":"2020-06-19T10:52:42","slug":"meine-rede-zum-antrag-der-koalitionsfraktionen-zur-weiterentwicklung-der-kleingaerten-in-brandenburg","status":"publish","type":"post","link":"https:\/\/www.sahra-damus.de\/wordpress\/meine-rede-zum-antrag-der-koalitionsfraktionen-zur-weiterentwicklung-der-kleingaerten-in-brandenburg\/","title":{"rendered":"Meine Rede zum Antrag der Koalitionsfraktionen zur &#8220;Weiterentwicklung der Kleing\u00e4rten in Brandenburg&#8221;"},"content":{"rendered":"<p><a href=\"https:\/\/www.rbb-online.de\/imparlament\/brandenburg\/2020\/17--juni-2020\/17__juni_2020_-_17__Sitzung_des_Brandenburger_Landtags1\/sarah-damus--buendnis-90-die-gruenen---top16.html\">&gt;&gt; Video zur Rede (Quelle: rbb)<\/a><\/p>\n<p><a href=\"https:\/\/www.parlamentsdokumentation.brandenburg.de\/starweb\/LBB\/ELVIS\/parladoku\/w7\/drs\/ab_1400\/1419.pdf\">&gt;&gt; Link zum Antrag\u00a0<\/a><\/p>\n<p>&#8211; Es gilt das gesprochene Wort!<\/p>\n<blockquote><p><em>Sehr geehrte Frau Pr\u00e4sidentin<\/em><\/p>\n<p><em>Liebe Kolleg*innen,<\/em><\/p>\n<p><em>Werte G\u00e4ste,<\/em><\/p>\n<p><em>Kleing\u00e4rten, wird da nicht die Heckenh\u00f6he mit dem Zollstock gemessen? Und pr\u00fcfen da nicht kritische Augen, ob man auch ja genug Gem\u00fcse anbaut?<\/em><\/p>\n<p><em>Jaja, Kleing\u00e4rten haben einen spie\u00dfigen Ruf. Und das Bundeskleingartengesetz ist auch wirklich manchmal speziell, \u2026aber ich will hier ganz klar eine Lanze brechen f\u00fcr den Kleingarten. Die vermeintlich kleinkarierten Regeln haben den Sinn, sicherzustellen, dass Kleing\u00e4rten f\u00fcr das genutzt werden, wof\u00fcr sie gedacht sind: zur Selbstversorgung und zur Erholung.<\/em><\/p>\n<p><em>Es sind eben keine Wochenendgrundst\u00fccke, Kleing\u00e4rten sind eine soziale Institution. Sie werden durch eine sehr niedrige Pacht von der \u00f6ffentlichen Hand so g\u00fcnstig gehalten, dass wirklich alle sie sich leisten k\u00f6nnen. Und die M\u00f6glichkeit haben auf ein St\u00fcck Natur, auf selbstgezogenes Obst und Gem\u00fcse, auf einen R\u00fcckzugsort, auf eine Tobewiese f\u00fcr die Kinder.<\/em><\/p>\n<p><em>\u00dcber 61.000 Kleing\u00e4rtner*innen gibt es in Brandenburg. Aus allen Berufen und Schichten, verschiedenen Alters und verschiedener Herkunft.<\/em><\/p>\n<p><em>Und entgegen dem spie\u00dfigen Ruf sind Kleing\u00e4rten keineswegs aus der Mode. Regelm\u00e4\u00dfig entdecken wieder neue Generationen die Kleing\u00e4rtenf\u00fcr sich. Es kommen junge Leute mit oder ohne Kinder(n) nach, wenn die \u00c4lteren langsam ans Aufh\u00f6ren denken und ihre jahrzehntealten Obstb\u00e4ume \u00fcbergeben. Mehr und mehr haben wir auch Gefl\u00fcchtete in den Gartensparten, wie der Syrer, den ich kenne und der Gartenbau studiert hat. Aber der Generationenwechsel ist nicht so einfach. Was passiert mit leerstehenden Parzellen? Wer \u00fcbernimmt die ehrenamtliche Arbeit im Verein? In einigen Vereinen herrscht Leerstand, in anderen sind die Wartelisten voll. Gerade zu Corona-Zeiten gab es viele Anfragen.<\/em><\/p>\n<p><em>Die kulturelle Vielfalt kann auch eine Herausforderung sein, dabei brauchen die Vereine Unterst\u00fctzung \u2013 wie kann ich einen Kleingarten an einen Geduldeten verpachten oder an die polnische Nachbarin? Daf\u00fcr gibt es gute Beispiele im Land. Und beim Plausch \u00fcber die Kartoffelk\u00e4ferjagd funktioniert Integration sowieso am allerbesten.<\/em><\/p>\n<p><em>Wir sollten die Kleing\u00e4rten so weit wie m\u00f6glich erhalten und nur im Notfall zur\u00fcckbauen, dort wo wirklich dramatische Schrumpfung stattgefunden hat. Wir sollten sie aktiv in die Stadtentwicklung einbeziehen \u2013 mit kommunalen Kleingartenkonzepten.<\/em><\/p>\n<p><em>Und wir sollten den Beitrag von Kleing\u00e4rten in unserer Gesellschaft auch nicht bel\u00e4cheln. Es geht nicht nur um Gartenzwerge. Kleing\u00e4rten sind \u00f6ffentlich zug\u00e4ngliches Gr\u00fcn, sie haben einen sozialen und kulturellen Auftrag. Hier lernen Kinder, wie Radieschen wachsen. Den Kleingarten kann ich mir auch leisten, wenn ich in der Einzimmer-Plattenbauwohnung lebe.<\/em><\/p>\n<p><em>Und \u2013 Kleing\u00e4rten sind gut f\u00fcr das Stadtklima: gro\u00dfe unversiegelte Fl\u00e4chen, k\u00fchlend im Sommer mit jeder Meng Insekten- und Vogelfutter. Wie bringen wir den Gartenfreund*innen den Umwelt- und Artenschutz nahe? Was machen wir mit Altlasten wie Asbest?<\/em><\/p>\n<p><em>All diesen Fragen wollen wir uns auch auf Landesebene annehmen, indem wir die Ehrenamtlichen unterst\u00fctzen, Handreichungen und Weiterbildungen organisieren. Probleme im Landeskleingartenbeirat besprechen. Und wir wollen eine Landesf\u00f6rderung schaffen, die bei Gemeinschaftsprojekten unterst\u00fctzt.<\/em><\/p>\n<p><em>Ich bitte um Zustimmung.<br \/>\n<\/em><\/p><\/blockquote>\n<p><a href=\"https:\/\/www.rbb-online.de\/imparlament\/brandenburg\/2020\/17--juni-2020\/17__juni_2020_-_17__Sitzung_des_Brandenburger_Landtags1\/sarah-damus--buendnis-90-die-gruenen---top16.html\">&gt;&gt; Video zur Rede (Quelle: rbb)<\/a><\/p>\n<p><a href=\"https:\/\/www.parlamentsdokumentation.brandenburg.de\/starweb\/LBB\/ELVIS\/parladoku\/w7\/drs\/ab_1400\/1419.pdf\">&gt;&gt; Link zum Antrag\u00a0<\/a><\/p>\n","protected":false},"excerpt":{"rendered":"<p>&gt;&gt; Video zur Rede (Quelle: rbb) &gt;&gt; Link zum Antrag\u00a0 &#8211; Es gilt das gesprochene Wort! Sehr geehrte Frau Pr\u00e4sidentin Liebe Kolleg*innen, Werte G\u00e4ste, Kleing\u00e4rten, wird da nicht die Heckenh\u00f6he [&hellip;]<\/p>\n","protected":false},"author":1,"featured_media":0,"comment_status":"open","ping_status":"open","sticky":false,"template":"","format":"standard","meta":{"footnotes":""},"categories":[8,9],"tags":[],"class_list":["post-360","post","type-post","status-publish","format-standard","hentry","category-imlandtag","category-meine_reden"],"_links":{"self":[{"href":"https:\/\/www.sahra-damus.de\/wordpress\/wp-json\/wp\/v2\/posts\/360","targetHints":{"allow":["GET"]}}],"collection":[{"href":"https:\/\/www.sahra-damus.de\/wordpress\/wp-json\/wp\/v2\/posts"}],"about":[{"href":"https:\/\/www.sahra-damus.de\/wordpress\/wp-json\/wp\/v2\/types\/post"}],"author":[{"embeddable":true,"href":"https:\/\/www.sahra-damus.de\/wordpress\/wp-json\/wp\/v2\/users\/1"}],"replies":[{"embeddable":true,"href":"https:\/\/www.sahra-damus.de\/wordpress\/wp-json\/wp\/v2\/comments?post=360"}],"version-history":[{"count":5,"href":"https:\/\/www.sahra-damus.de\/wordpress\/wp-json\/wp\/v2\/posts\/360\/revisions"}],"predecessor-version":[{"id":366,"href":"https:\/\/www.sahra-damus.de\/wordpress\/wp-json\/wp\/v2\/posts\/360\/revisions\/366"}],"wp:attachment":[{"href":"https:\/\/www.sahra-damus.de\/wordpress\/wp-json\/wp\/v2\/media?parent=360"}],"wp:term":[{"taxonomy":"category","embeddable":true,"href":"https:\/\/www.sahra-damus.de\/wordpress\/wp-json\/wp\/v2\/categories?post=360"},{"taxonomy":"post_tag","embeddable":true,"href":"https:\/\/www.sahra-damus.de\/wordpress\/wp-json\/wp\/v2\/tags?post=360"}],"curies":[{"name":"wp","href":"https:\/\/api.w.org\/{rel}","templated":true}]}}