{"id":369,"date":"2020-06-23T10:51:09","date_gmt":"2020-06-23T10:51:09","guid":{"rendered":"https:\/\/www.sahra-damus.de\/?p=369"},"modified":"2020-06-23T10:51:37","modified_gmt":"2020-06-23T10:51:37","slug":"ausbau-der-polnischen-kohlegrube-turow-bedroht-oder-und-neisse-durch-kontaminierung-mit-schwermetallen-brandenburger-buendnisgruene-unterstuetzen-kritik-an-dem-vorhaben","status":"publish","type":"post","link":"https:\/\/www.sahra-damus.de\/wordpress\/ausbau-der-polnischen-kohlegrube-turow-bedroht-oder-und-neisse-durch-kontaminierung-mit-schwermetallen-brandenburger-buendnisgruene-unterstuetzen-kritik-an-dem-vorhaben\/","title":{"rendered":"Ausbau der polnischen Kohlegrube Turow bedroht Oder und Nei\u00dfe durch Kontaminierung mit Schwermetallen: Brandenburger B\u00fcndnisgr\u00fcne unterst\u00fctzen Kritik an dem Vorhaben"},"content":{"rendered":"<p>Im Rahmen der Oder-Konsultation der europ\u00e4ischen Wasserrahmenrichtlinie auf internationaler Ebene endete am Montag, dem 22. Juni 2020 die Einwendungsfrist. Ostbrandenburger und Lausitzer B\u00fcndnisgr\u00fcne unterst\u00fctzten die Kritik und haben Einwendungen eingereicht. Mit dabei waren unter anderem die Landtagsabgeordnete aus Frankfurt (Oder) Sahra Damus, die b\u00fcndnisgr\u00fcnen Kreisverbandssprecherinnen von Frankfurt (Oder) Alena Karaschinski und Spree-Nei\u00dfe Heide Schinowsky, sowie Mike Kess vom Kreisverband Oder-Spree. Auch die geb\u00fcrtige Gubenerin und Fraktionsvorsitzende der Gr\u00fcnen im EU-Parlament Ska Keller hat die Einwendung mitgezeichnet.<\/p>\n<div id=\"attachment_370\" style=\"width: 310px\" class=\"wp-caption alignright\"><img loading=\"lazy\" decoding=\"async\" aria-describedby=\"caption-attachment-370\" class=\"size-medium wp-image-370\" src=\"https:\/\/www.sahra-damus.de\/wordpresswp-content\/uploads\/2020\/06\/turow-103226-300x200.jpg\" alt=\"\" width=\"300\" height=\"200\" srcset=\"https:\/\/www.sahra-damus.de\/wordpress\/wp-content\/uploads\/2020\/06\/turow-103226-300x200.jpg 300w, https:\/\/www.sahra-damus.de\/wordpress\/wp-content\/uploads\/2020\/06\/turow-103226-1024x683.jpg 1024w, https:\/\/www.sahra-damus.de\/wordpress\/wp-content\/uploads\/2020\/06\/turow-103226-768x512.jpg 768w, https:\/\/www.sahra-damus.de\/wordpress\/wp-content\/uploads\/2020\/06\/turow-103226.jpg 1500w\" sizes=\"auto, (max-width: 300px) 100vw, 300px\" \/><p id=\"caption-attachment-370\" class=\"wp-caption-text\">Copyright: www.ideengruen.de | Markus Pichlmaier<\/p><\/div>\n<p>\u201eEs ist der pure Wahnsinn, was hier mitten im Herzen Europas passieren soll. Wir k\u00f6nnen es nicht einfach hinnehmen, dass die Lausitzer Nei\u00dfe derart in Gefahr gebracht werden soll\u201c, sagt Heide Schinowsky, Kreisverbandssprecherin der B\u00fcndnisgr\u00fcnen Spree-Nei\u00dfe. Auch die Frankfurter Landtagsabgeordnete Sahra Damus zeigt sich besorgt: \u201eSelbst wenn die durch Turow \u2013 \u00fcber das Grundwasser &#8211; in die Nei\u00dfe eingebrachten Schwermetalle und radioaktive Stoffe die Oder nur in abgeschw\u00e4chter Form betreffen, m\u00fcssen die Alarmglocken klingeln. Es braucht dringend ein transparentes Monitoring von den polnischen und deutschen Tagebaugebieten entlang der Nei\u00dfe bis hin zur Oder.\u201c<\/p>\n<p>Die Republik Polen plant, den Tagebau Turow im Dreil\u00e4ndereck Deutschland, Tschechien und Polen zu erweitern und bis in die 2040er Jahre dort Kohle zu f\u00f6rdern. Dagegen richtet sich seit Monaten erbittertet Widerstand von Umweltsch\u00fctzern und betroffenen Anwohnern aus Deutschland und Tschechien. Neben den katastrophalen Auswirkungen auf den Klimaschutz, stehen auch die erheblichen Beeintr\u00e4chtigungen f\u00fcr den Wasserhaushalt im Zentrum der Kritik. Ein vor kurzem ver\u00f6ffentlichtes Gutachten des polnischen Hydrologen Dr. Sylwester Kra\u015bnicki kommt zu dem Schluss, dass durch die Tagebaupl\u00e4ne auch die Lausitz und vor allem die Nei\u00dfe unmittelbar betroffen w\u00e4ren. Es drohe eine dauerhafte Kontaminierung flie\u00dfender Gew\u00e4sser wie Nei\u00dfe und Oder durch Schwermetalle.<\/p>\n<p>Warnungen vor den Auswirkungen der Pl\u00e4ne kommen auch aus dem s\u00e4chsischen Umweltministerium. Zu dem bereits vorhanden Wasserdefizit in der Lausitz werde sich die Situation nach dem anvisierten Ende von Turow ab 2040 weiter \u201eversch\u00e4rfen\u201c, erl\u00e4uterte Prof. Dr. Martin Socher, Referatsleiter Oberfl\u00e4chenwasser und Hochwasserschutz im s\u00e4chsischen Umweltministerium in einer Anh\u00f6rung im Umweltausschuss des Deutschen Bundestages am 15. Juni 2020. F\u00fcr den dann gr\u00f6\u00dften Tagebaurestsee Europas in Turow zu fluten werden etwa 4 Milliarden Kubikmeter Wasser ben\u00f6tigt.<\/p>\n<p>\u201eVor dem Hintergrund, dass die drei Bergbaufolgeseen f\u00fcr den Tagebau J\u00e4nschwalde auch aus der Nei\u00dfe gespeist werden, braucht es dringend eine gemeinsame internationale Koordination von Flutungszenarien und Ermittlung von Einleitmengen\u201c, fordert Schinowsky.<\/p>\n<h3><strong>Hintergrund:<\/strong><\/h3>\n<p>Am Donnerstag, den 18.06.2020, hatte Greenpeace Berlin <a href=\"https:\/\/greenpeace.berlin\/wp-content\/uploads\/2020\/06\/%C3%9Cbersetzung-Studie-Sylwester-Kra%C5%9Bnicki-zur-deutschen-Grundwassersituation-durch-Erweiterung-des-Tagebaus-Tur%C3%B3w.pdf\">die deutsche \u00dcbersetzung der neuen Studie des polnischen Hydroexperten Dr. Krasnicki ver\u00f6ffentlicht<\/a>. Die Studie tr\u00e4gt den Titel &#8216;Grenz\u00fcberschreitende Auswirkung des Braunkohletagebaus Tur\u00f3w auf Grundw\u00e4sser in Deutschland im Zusammenhang mit der geplanten Erweiterung des Tagebaus&#8217; und stammt von Mai 2020.<\/p>\n<p>Prof. Dr. Martin Socher, Referatsleiter Oberfl\u00e4chenwasser und Hochwasserschutz im dem s\u00e4chsischen Umweltministerium in der <a href=\"https:\/\/www.bundestag.de\/mediathek?videoid=7450387&amp;url=L21lZGlhdGhla292ZXJsYXk=&amp;mod=mediathek#url=L21lZGlhdGhla292ZXJsYXk\/dmlkZW9pZD03NDUwMzg3JnVybD1MMjFsWkdsaGRHaGxhMjkyWlhKc1lYaz0mbW9kPW1lZGlhdGhlaw==&amp;mod=mediathek\">Anh\u00f6rung im Deutschen Bundestag<\/a> (Zu Turow ab Min 8.35)<\/p>\n<p>Der \u00f6ffentliche Konsultationsprozess der europ\u00e4ischen Wasserrahmenrichtlinie zur Aktualisierung des Bewirtschaftungsplans f\u00fcr die Internationale Flussgebietseinheit Oder. Weitere Informationen:<\/p>\n<p><a href=\"https:\/\/mkoo.pl\/index.php\">https:\/\/mkoo.pl\/index.php<\/a><\/p>\n<p><a href=\"https:\/\/mkoo.pl\/show.php\">https:\/\/mkoo.pl\/show.php<\/a><\/p>\n","protected":false},"excerpt":{"rendered":"<p>Im Rahmen der Oder-Konsultation der europ\u00e4ischen Wasserrahmenrichtlinie auf internationaler Ebene endete am Montag, dem 22. Juni 2020 die Einwendungsfrist. Ostbrandenburger und Lausitzer B\u00fcndnisgr\u00fcne unterst\u00fctzten die Kritik und haben Einwendungen eingereicht. [&hellip;]<\/p>\n","protected":false},"author":1,"featured_media":0,"comment_status":"open","ping_status":"open","sticky":false,"template":"","format":"standard","meta":{"footnotes":""},"categories":[7],"tags":[],"class_list":["post-369","post","type-post","status-publish","format-standard","hentry","category-pressemitteilungen"],"_links":{"self":[{"href":"https:\/\/www.sahra-damus.de\/wordpress\/wp-json\/wp\/v2\/posts\/369","targetHints":{"allow":["GET"]}}],"collection":[{"href":"https:\/\/www.sahra-damus.de\/wordpress\/wp-json\/wp\/v2\/posts"}],"about":[{"href":"https:\/\/www.sahra-damus.de\/wordpress\/wp-json\/wp\/v2\/types\/post"}],"author":[{"embeddable":true,"href":"https:\/\/www.sahra-damus.de\/wordpress\/wp-json\/wp\/v2\/users\/1"}],"replies":[{"embeddable":true,"href":"https:\/\/www.sahra-damus.de\/wordpress\/wp-json\/wp\/v2\/comments?post=369"}],"version-history":[{"count":4,"href":"https:\/\/www.sahra-damus.de\/wordpress\/wp-json\/wp\/v2\/posts\/369\/revisions"}],"predecessor-version":[{"id":374,"href":"https:\/\/www.sahra-damus.de\/wordpress\/wp-json\/wp\/v2\/posts\/369\/revisions\/374"}],"wp:attachment":[{"href":"https:\/\/www.sahra-damus.de\/wordpress\/wp-json\/wp\/v2\/media?parent=369"}],"wp:term":[{"taxonomy":"category","embeddable":true,"href":"https:\/\/www.sahra-damus.de\/wordpress\/wp-json\/wp\/v2\/categories?post=369"},{"taxonomy":"post_tag","embeddable":true,"href":"https:\/\/www.sahra-damus.de\/wordpress\/wp-json\/wp\/v2\/tags?post=369"}],"curies":[{"name":"wp","href":"https:\/\/api.w.org\/{rel}","templated":true}]}}