{"id":382,"date":"2020-07-10T13:08:24","date_gmt":"2020-07-10T13:08:24","guid":{"rendered":"https:\/\/www.sahra-damus.de\/?p=382"},"modified":"2020-07-10T17:31:46","modified_gmt":"2020-07-10T17:31:46","slug":"gemuese-und-obstanbau-in-markendorf-die-regionale-produktion-braucht-unterstuetzung","status":"publish","type":"post","link":"https:\/\/www.sahra-damus.de\/wordpress\/gemuese-und-obstanbau-in-markendorf-die-regionale-produktion-braucht-unterstuetzung\/","title":{"rendered":"Gem\u00fcse- und Obstanbau in Markendorf: die regionale Produktion braucht Unterst\u00fctzung"},"content":{"rendered":"<p>Am heutigen Freitag informierten sich die B\u00fcndnisgr\u00fcnen Landtagsabgeordneten Sahra Damus und Benjamin Raschke vor Ort \u00fcber den regionalen Obst- und Gem\u00fcseanbau in Markendorf. Die Abgeordneten haben die \u00c4cker der Obstbaugenossenschaft, Markendorf Ort e.G., und der bio-veganen Gem\u00fcseanbaugenossenschaft PlantAge e.G., besucht, welche Frankfurt (Oder) und die Umgebung mit regionalen landwirtschaftlichen Produkten versorgen.<span class=\"Apple-converted-space\">\u00a0<\/span><\/p>\n<p>Bei ihrem Informationsbesuch auf den Obstanlagen der Markendorf Obst e.G. sprachen sie mit dem Gesch\u00e4ftsf\u00fchrer, Steffen Aurich, und den Obstbauern Raik Neumann und Thomas Br\u00f6cker: Sie machten sich ein Bild von der Auswirkungen des Klimawandels, die sich in niedrigeren Ertr\u00e4gen und Ernteausf\u00e4llen zeigen und ein Bild von den Herausforderungen der Corona-Pandemie. Beim Gespr\u00e4ch waren auch der Imker Lutz Theis und Johannes Giebermann, Vertreter der NABU.<\/p>\n<p>\u201cDer Obstanbau schrumpft stetig in Brandenburg. Markendorf ist einer der wichtigsten Obstbaustandorte in Brandenburg, der unbedingt erhalten werden muss. Das ist nachhaltig, st\u00e4rkt die regionale Wertsch\u00f6pfung und erh\u00e4lt traditionelle Strukturen vor Ort. Dazu m\u00fcssen wir die Obstbauern und Obstb\u00e4uerinnen unterst\u00fctzen, regionale Klimaanpassungsstrategien sowie Vermarktungsm\u00f6glichkeiten zu entwickeln. Die Koalition hat sich vorgenommen, den Obstanbau zu unterst\u00fctzen. Zum Beispiel, durch ein Kompetenzenzentrum f\u00fcr Beratung und Wissenstransfer auch f\u00fcr den Obstanbau, und ein regionales Siegel f\u00fcr Brandenburg als Instrument f\u00fcr Versorgung \u00f6ffentlicher Institutionen,\u201d kommentiert Sahra Damus, Landtagsabgeordnete aus Frankfurt (Oder).<span class=\"Apple-converted-space\">\u00a0<\/span><\/p>\n<p>Anschlie\u00dfend tauschten sich die Abgeordneten mit Judith Ruland und Frederik Henn, Gr\u00fcnder*innen und Vorsitzende von<br \/>\nplantAge e.G. aus. Die bio-vegane Gem\u00fcseanbaugenossenschaft plantAge gibt es seit September 2018 und hat derzeit 380 Genossen und Genossinnen. Organisiert als Modell der Solidarische Landwirtschaft produziert sie auf 26 Hektar frisches Gem\u00fcse, welches w\u00f6chentlich an unterschiedliche Verteilstationen in Frankfurt (Oder) und Berlin geliefert wird. W\u00e4hrend der Corona-Pandemie haben Frau Ruland und Herr Henn die Online-Plattform &#8220;Land-Arbeit&#8221; gegr\u00fcndet, um H\u00f6fe und Arbeitssuchende in Verbindung zu bringen und die Ernte des Jahres zu sichern. \u201cDas Modell der Solidarischen Landwirtschaft bietet nicht nur gute L\u00f6sungen f\u00fcr die Umwelt, sondern auch f\u00fcr eine nachhaltige und \u00f6kologische regionale Versorgung,\u201d res\u00fcmiert Benjamin Raschke. \u201cEs ist beeindruckend, wie schnell PlantAge hier erfolgreich ihr Modell aufgebaut hat. Um den Bedarf an biologische Lebensmitteln in Berlin-Brandenburg zu decken brauchen wir noch viele weitere solcher Betriebe.\u201d<\/p>\n<div id=\"attachment_383\" style=\"width: 775px\" class=\"wp-caption alignnone\"><img loading=\"lazy\" decoding=\"async\" aria-describedby=\"caption-attachment-383\" class=\"wp-image-383\" src=\"https:\/\/www.sahra-damus.de\/wordpresswp-content\/uploads\/2020\/07\/MdL-Damus-und-MdL-Raschke-mit-PlantAge-Team-300x225.jpg\" alt=\"\" width=\"765\" height=\"574\" srcset=\"https:\/\/www.sahra-damus.de\/wordpress\/wp-content\/uploads\/2020\/07\/MdL-Damus-und-MdL-Raschke-mit-PlantAge-Team-300x225.jpg 300w, https:\/\/www.sahra-damus.de\/wordpress\/wp-content\/uploads\/2020\/07\/MdL-Damus-und-MdL-Raschke-mit-PlantAge-Team-1024x768.jpg 1024w, https:\/\/www.sahra-damus.de\/wordpress\/wp-content\/uploads\/2020\/07\/MdL-Damus-und-MdL-Raschke-mit-PlantAge-Team-768x576.jpg 768w, https:\/\/www.sahra-damus.de\/wordpress\/wp-content\/uploads\/2020\/07\/MdL-Damus-und-MdL-Raschke-mit-PlantAge-Team-1536x1152.jpg 1536w, https:\/\/www.sahra-damus.de\/wordpress\/wp-content\/uploads\/2020\/07\/MdL-Damus-und-MdL-Raschke-mit-PlantAge-Team-2048x1536.jpg 2048w\" sizes=\"auto, (max-width: 765px) 100vw, 765px\" \/><p id=\"caption-attachment-383\" class=\"wp-caption-text\">Sahra Damus und Benjamin Raschke mit dem Team von PlantAge e.G.<\/p><\/div>\n","protected":false},"excerpt":{"rendered":"<p>Am heutigen Freitag informierten sich die B\u00fcndnisgr\u00fcnen Landtagsabgeordneten Sahra Damus und Benjamin Raschke vor Ort \u00fcber den regionalen Obst- und Gem\u00fcseanbau in Markendorf. Die Abgeordneten haben die \u00c4cker der Obstbaugenossenschaft, [&hellip;]<\/p>\n","protected":false},"author":1,"featured_media":0,"comment_status":"open","ping_status":"open","sticky":false,"template":"","format":"standard","meta":{"footnotes":""},"categories":[7],"tags":[],"class_list":["post-382","post","type-post","status-publish","format-standard","hentry","category-pressemitteilungen"],"_links":{"self":[{"href":"https:\/\/www.sahra-damus.de\/wordpress\/wp-json\/wp\/v2\/posts\/382","targetHints":{"allow":["GET"]}}],"collection":[{"href":"https:\/\/www.sahra-damus.de\/wordpress\/wp-json\/wp\/v2\/posts"}],"about":[{"href":"https:\/\/www.sahra-damus.de\/wordpress\/wp-json\/wp\/v2\/types\/post"}],"author":[{"embeddable":true,"href":"https:\/\/www.sahra-damus.de\/wordpress\/wp-json\/wp\/v2\/users\/1"}],"replies":[{"embeddable":true,"href":"https:\/\/www.sahra-damus.de\/wordpress\/wp-json\/wp\/v2\/comments?post=382"}],"version-history":[{"count":8,"href":"https:\/\/www.sahra-damus.de\/wordpress\/wp-json\/wp\/v2\/posts\/382\/revisions"}],"predecessor-version":[{"id":392,"href":"https:\/\/www.sahra-damus.de\/wordpress\/wp-json\/wp\/v2\/posts\/382\/revisions\/392"}],"wp:attachment":[{"href":"https:\/\/www.sahra-damus.de\/wordpress\/wp-json\/wp\/v2\/media?parent=382"}],"wp:term":[{"taxonomy":"category","embeddable":true,"href":"https:\/\/www.sahra-damus.de\/wordpress\/wp-json\/wp\/v2\/categories?post=382"},{"taxonomy":"post_tag","embeddable":true,"href":"https:\/\/www.sahra-damus.de\/wordpress\/wp-json\/wp\/v2\/tags?post=382"}],"curies":[{"name":"wp","href":"https:\/\/api.w.org\/{rel}","templated":true}]}}