{"id":399,"date":"2020-08-04T11:25:17","date_gmt":"2020-08-04T11:25:17","guid":{"rendered":"https:\/\/www.sahra-damus.de\/?p=399"},"modified":"2020-08-05T08:26:27","modified_gmt":"2020-08-05T08:26:27","slug":"gute-nachrichten-fuer-gueldendorf-laermschutzwand-an-der-a12-geplant","status":"publish","type":"post","link":"https:\/\/www.sahra-damus.de\/wordpress\/gute-nachrichten-fuer-gueldendorf-laermschutzwand-an-der-a12-geplant\/","title":{"rendered":"Gute Nachrichten f\u00fcr G\u00fcldendorf: L\u00e4rmschutzwand an der A12 geplant"},"content":{"rendered":"<blockquote><p><b>GEMEINSAME PRESSEMITTEILUNG <\/b><\/p>\n<p>MdL Sahra Damus \u2013 Frankfurter Landtagsabgeordnete B\u00fcndnis 90\/Die Gr\u00fcnen<br \/>\nStadtverordneter Marc Lipka &#8211; Fraktion B\u00fcndnis 90\/Die Gr\u00fcnen &#8211; BI Stadtentwicklung &#8211; Frankfurt (Oder)<\/p>\n<p>Gestern traf sich die B\u00fcndnisgr\u00fcne Landtagsabgeordnete, Sahra Damus in Frankfurt (Oder) mit Edgar Gaffry, dem Vorsitzenden des Vorstands des Landesbetriebes Stra\u00dfenwesen zu m\u00f6glichen L\u00e4rmschutzma\u00dfnahmen an der A12 auf dem Frankfurter Stadtgebiet. Anlass war der erneut abgelehnte Antrag der Stadt Frankfurt (Oder) auf Geschwindigkeitsreduzierung an der Bundesautobahn A 12 im Stadtgebiet Frankfurt (Oder). An dem Termin nahmen auch Marc Lipka (Stadtverordneter B\u00fcndnis 90\/Die Gr\u00fcnen), Thomas Herfort (Sachkundiger Einwohner im Umweltausschuss), Brunhild Greiser (Ortsvorsteherin von G\u00fcldendorf), Annette Eger (Leiterin des st\u00e4dtischen Umweltamtes) und Alena Karaschinski (Sprecherin des Frankfurter Kreisverbandes B\u00fcndnis 90\/Die Gr\u00fcnen) teil.<\/p>\n<p>Bei einem offenen und sehr informativen Gespr\u00e4ch besprachen die Teilnehmenden die Gr\u00fcnde der Antragsablehnung und alternative Ma\u00dfnahmen f\u00fcr die L\u00e4rmminderung in den betroffenen Frankfurter Ortsteilen G\u00fcldendorf und Markendorf Siedlung.<br \/>\nIm Februar hatte Sahra Damus sich in einer m\u00fcndlichen Anfrage im Landtag nach dem Stand der L\u00e4rmschutzma\u00dfnahmen an der A12 erkundigt und das Gespr\u00e4ch mit Verkehrsminister Guido Beermann gesucht.<\/p>\n<p>Im Anschluss des Gespr\u00e4ches erkl\u00e4rt die Frankfurter Landtagsabgeordnete und Stadtverordnete, Sahra Damus:<\/p>\n<p>\u201cIch bin sehr froh, dass es nun endlich gute Nachrichten f\u00fcr die G\u00fcldendorfer Einwohner gibt und der gemeinsame Einsatz von Stadtverwaltung, Politik und B\u00fcrgerinnen und B\u00fcrger Wirkung zeigt: Der Landesbetrieb Stra\u00dfenwesen hat best\u00e4tigt, dass eine L\u00e4rmschutzwand an der A12 geplant ist. Daf\u00fcr beginnen aktuell die ersten Planungen, ein Planfeststellungsverfahren soll 2022 starten, woran sich auch die B\u00fcrgerinnen und B\u00fcrger mit Hinweisen beteiligen k\u00f6nnen. Die Bauma\u00dfnahmen werden im Jahr 2024 beginnen. Bis dahin ist zudem eine Sanierung des Stra\u00dfenabschnitts vom Eichwald bis zum Grenz\u00fcbergang geplant. Hier soll l\u00e4rmmindernder Asphalt zum Einsatz kommen.\u201d<\/p>\n<p>Der B\u00fcndnisgr\u00fcne Stadtverordnete Marc Lipka res\u00fcmiert:<\/p>\n<p>\u201cEs war ein sehr positives und zielf\u00fchrendes Gespr\u00e4ch. Seit vielen Jahren k\u00e4mpfen die B\u00fcrger*innen und die Stadt Frankfurt (Oder) f\u00fcr mehr L\u00e4rmschutz. Die Belastungen sind zudem \u00fcber die Jahre gestiegen. Zwar hat der Antrag der Stadt Frankfurt (Oder) nicht zu einer Geschwindigkeitsbegrenzung gef\u00fchrt, aber er hat offengelegt, dass die bisherige Verkehrsprognose deutlich \u00fcberschritten wurde und daher nun Handlungsbedarf besteht. Das zeigt, dass es sich immer lohnt, dranzubleiben.\u201c<\/p>\n<p>Zum 1.1.2021 wird der Bund die Zust\u00e4ndigkeit f\u00fcr die Autobahnen vom Land \u00fcbernehmen. Ein Gro\u00dfteil des damit befassten Personals des Landesbetriebs wird dann in die daf\u00fcr gegr\u00fcndete Bundeseinrichtung wechseln. Sahra Damus erg\u00e4nzt dazu: \u201eWir haben nachgefragt, ob die Kontinuit\u00e4t des Vorhabens gesichert ist: Die jetzt angesto\u00dfenen Planungen des Landesbetriebs werden anschlie\u00dfend vom Bund weitergef\u00fchrt, dar\u00fcber bestehe mit dem Bund Konsens. Das Personal wird weitestgehend dasselbe bleiben und das Thema im Rahmen der neuen Bundeseinrichtung weiter bearbeiten. Wir befinden uns hierbei im Rahmen der sogenannten L\u00e4rmvorsorge, auf die die B\u00fcrger*innen einen Anspruch haben. Durch die \u00dcberschreitung der Prognose kommt diese nun zum Zuge und muss umgesetzt werden.\u201c<\/p><\/blockquote>\n","protected":false},"excerpt":{"rendered":"<p>GEMEINSAME PRESSEMITTEILUNG MdL Sahra Damus \u2013 Frankfurter Landtagsabgeordnete B\u00fcndnis 90\/Die Gr\u00fcnen Stadtverordneter Marc Lipka &#8211; Fraktion B\u00fcndnis 90\/Die Gr\u00fcnen &#8211; BI Stadtentwicklung &#8211; Frankfurt (Oder) Gestern traf sich die B\u00fcndnisgr\u00fcne [&hellip;]<\/p>\n","protected":false},"author":1,"featured_media":0,"comment_status":"open","ping_status":"open","sticky":false,"template":"","format":"standard","meta":{"footnotes":""},"categories":[7],"tags":[],"class_list":["post-399","post","type-post","status-publish","format-standard","hentry","category-pressemitteilungen"],"_links":{"self":[{"href":"https:\/\/www.sahra-damus.de\/wordpress\/wp-json\/wp\/v2\/posts\/399","targetHints":{"allow":["GET"]}}],"collection":[{"href":"https:\/\/www.sahra-damus.de\/wordpress\/wp-json\/wp\/v2\/posts"}],"about":[{"href":"https:\/\/www.sahra-damus.de\/wordpress\/wp-json\/wp\/v2\/types\/post"}],"author":[{"embeddable":true,"href":"https:\/\/www.sahra-damus.de\/wordpress\/wp-json\/wp\/v2\/users\/1"}],"replies":[{"embeddable":true,"href":"https:\/\/www.sahra-damus.de\/wordpress\/wp-json\/wp\/v2\/comments?post=399"}],"version-history":[{"count":1,"href":"https:\/\/www.sahra-damus.de\/wordpress\/wp-json\/wp\/v2\/posts\/399\/revisions"}],"predecessor-version":[{"id":400,"href":"https:\/\/www.sahra-damus.de\/wordpress\/wp-json\/wp\/v2\/posts\/399\/revisions\/400"}],"wp:attachment":[{"href":"https:\/\/www.sahra-damus.de\/wordpress\/wp-json\/wp\/v2\/media?parent=399"}],"wp:term":[{"taxonomy":"category","embeddable":true,"href":"https:\/\/www.sahra-damus.de\/wordpress\/wp-json\/wp\/v2\/categories?post=399"},{"taxonomy":"post_tag","embeddable":true,"href":"https:\/\/www.sahra-damus.de\/wordpress\/wp-json\/wp\/v2\/tags?post=399"}],"curies":[{"name":"wp","href":"https:\/\/api.w.org\/{rel}","templated":true}]}}