{"id":402,"date":"2020-08-18T13:00:54","date_gmt":"2020-08-18T13:00:54","guid":{"rendered":"https:\/\/www.sahra-damus.de\/?p=402"},"modified":"2020-08-19T22:21:08","modified_gmt":"2020-08-19T22:21:08","slug":"gemeinsame-erklaerung-zur-muendlichen-verhandlung-zum-paritaetsgesetz-am-20-august-vor-dem-landesverfassungsgericht-brandenburg","status":"publish","type":"post","link":"https:\/\/www.sahra-damus.de\/wordpress\/gemeinsame-erklaerung-zur-muendlichen-verhandlung-zum-paritaetsgesetz-am-20-august-vor-dem-landesverfassungsgericht-brandenburg\/","title":{"rendered":"Gemeinsame Erkl\u00e4rung zur m\u00fcndlichen Verhandlung zum Parit\u00e4tsgesetz am 20. August vor dem Landesverfassungsgericht Brandenburg"},"content":{"rendered":"<p>Wir brauchen mehr Frauen, die in Parlamenten mitentscheiden! Die Perspektiven von unterschiedlichen Frauen m\u00fcssen noch st\u00e4rker in die politische Meinungsbildung einflie\u00dfen.\u00a0Wir setzen uns gemeinsam daf\u00fcr ein, den Frauenanteil im Landtag, aber auch in den kommunalen Vertretungen zu erh\u00f6hen. Hierzu gibt es verschiedene Instrumente und Ans\u00e4tze.<\/p>\n<p>Am 20. August verhandelt das Brandenburger Landesverfassungsgericht \u00fcber das Brandenburgische Parit\u00e4tsgesetz. Wir setzen auf ein progressives Urteil des Gerichts und hoffen auf eine ernsthafte Abw\u00e4gung von Wahlrechtsgrunds\u00e4tzen und Gleichstellungsauftrag.<\/p>\n<p><u>Unterzeichnerinnen (in alphabetischer Reihenfolge):<\/u><\/p>\n<p><strong>Kristy Augustin<\/strong><br \/>\nfrauenpolitische Sprecherin und stellvertretende Fraktionsvorsitzende<br \/>\nCDU-Fraktion<\/p>\n<p><strong>Marlen Block<\/strong><br \/>\nstellvertretende Fraktionsvorsitzende<br \/>\nFraktion DIE LINKE<\/p>\n<p><strong>Petra Budke<br \/>\n<\/strong>Fraktionsvorsitzende<br \/>\nFraktion B\u00dcNDNIS 90\/DIE GR\u00dcNEN<\/p>\n<p><strong>Sahra Damus<\/strong><br \/>\nparlamentarische Gesch\u00e4ftsf\u00fchrerin und frauenpolitische Sprecherin<br \/>\nFraktion B\u00dcNDNIS 90\/DIE GR\u00dcNEN<\/p>\n<p><strong>Kathrin Dannenberg<\/strong><br \/>\nFraktionsvorsitzende<br \/>\nFraktion DIE LINKE<\/p>\n<p><strong>Bettina Fortunato<\/strong><br \/>\nfrauenpolitische Sprecherin<br \/>\nFraktion DIE LINKE<\/p>\n<p><strong>Elske Hildebrandt<\/strong><br \/>\nfrauenpolitische Sprecherin<br \/>\nSPD-Fraktion<\/p>\n<p><strong>Prof. Dr. Ulrike Liedtke<\/strong><br \/>\nPr\u00e4sidentin des Landtags<br \/>\nSPD-Fraktion<\/p>\n<p><strong>Katja Poschmann<\/strong><br \/>\nstellvertretende Fraktionsvorsitzende<br \/>\nSPD-Fraktion<\/p>\n<p><strong>Barbara Richstein<\/strong><br \/>\nVizepr\u00e4sidentin des Landtags<br \/>\nCDU-Fraktion<\/p>\n<p><strong>Christine Wernicke<\/strong><br \/>\nParlamentarische Gesch\u00e4ftsf\u00fchrerin und frauenpolitische Sprecherin<br \/>\nBVB \/ FREIE W\u00c4HLER Fraktion<\/p>\n<p>&nbsp;<\/p>\n","protected":false},"excerpt":{"rendered":"<p>Wir brauchen mehr Frauen, die in Parlamenten mitentscheiden! Die Perspektiven von unterschiedlichen Frauen m\u00fcssen noch st\u00e4rker in die politische Meinungsbildung einflie\u00dfen.\u00a0Wir setzen uns gemeinsam daf\u00fcr ein, den Frauenanteil im Landtag, [&hellip;]<\/p>\n","protected":false},"author":1,"featured_media":0,"comment_status":"open","ping_status":"open","sticky":false,"template":"","format":"standard","meta":{"footnotes":""},"categories":[7],"tags":[],"class_list":["post-402","post","type-post","status-publish","format-standard","hentry","category-pressemitteilungen"],"_links":{"self":[{"href":"https:\/\/www.sahra-damus.de\/wordpress\/wp-json\/wp\/v2\/posts\/402","targetHints":{"allow":["GET"]}}],"collection":[{"href":"https:\/\/www.sahra-damus.de\/wordpress\/wp-json\/wp\/v2\/posts"}],"about":[{"href":"https:\/\/www.sahra-damus.de\/wordpress\/wp-json\/wp\/v2\/types\/post"}],"author":[{"embeddable":true,"href":"https:\/\/www.sahra-damus.de\/wordpress\/wp-json\/wp\/v2\/users\/1"}],"replies":[{"embeddable":true,"href":"https:\/\/www.sahra-damus.de\/wordpress\/wp-json\/wp\/v2\/comments?post=402"}],"version-history":[{"count":2,"href":"https:\/\/www.sahra-damus.de\/wordpress\/wp-json\/wp\/v2\/posts\/402\/revisions"}],"predecessor-version":[{"id":404,"href":"https:\/\/www.sahra-damus.de\/wordpress\/wp-json\/wp\/v2\/posts\/402\/revisions\/404"}],"wp:attachment":[{"href":"https:\/\/www.sahra-damus.de\/wordpress\/wp-json\/wp\/v2\/media?parent=402"}],"wp:term":[{"taxonomy":"category","embeddable":true,"href":"https:\/\/www.sahra-damus.de\/wordpress\/wp-json\/wp\/v2\/categories?post=402"},{"taxonomy":"post_tag","embeddable":true,"href":"https:\/\/www.sahra-damus.de\/wordpress\/wp-json\/wp\/v2\/tags?post=402"}],"curies":[{"name":"wp","href":"https:\/\/api.w.org\/{rel}","templated":true}]}}