{"id":433,"date":"2020-08-31T11:58:21","date_gmt":"2020-08-31T11:58:21","guid":{"rendered":"https:\/\/www.sahra-damus.de\/?p=433"},"modified":"2020-09-01T09:01:05","modified_gmt":"2020-09-01T09:01:05","slug":"brandenburg-legt-widerspruch-gegen-polnische-plaene-zum-oderausbau-ein","status":"publish","type":"post","link":"https:\/\/www.sahra-damus.de\/wordpress\/brandenburg-legt-widerspruch-gegen-polnische-plaene-zum-oderausbau-ein\/","title":{"rendered":"Brandenburg legt Widerspruch gegen polnische Pl\u00e4ne zum Oderausbau ein"},"content":{"rendered":"<p>Das Brandenburger Umweltministerium hat gegen die polnischen Pl\u00e4ne zum Oderausbau fristgerecht Widerspruch eingelegt.<\/p>\n<p>Sahra Damus erkl\u00e4rt dazu folgendes:<br \/>\n<em>&#8220;Ich begr\u00fc\u00dfe es sehr, dass das Umweltministerium des Landes Brandenburg sich deutlich positioniert hat und Widerspruch gegen das Vorhaben eingelegt hat. Das Gesamtvorhaben ist hoch problematisch: mit dem geplanten Oderausbau verfolgt die polnische Regierung einseitige, nationale wirtschaftliche Interessen an Binnenschifffahrt auf Kosten der gemeinsamen, naturschutzfachlichen Erfolge rechts und links der Oder in den letzten 30 Jahren. Ein Flussausbau dieser Dimension unter Ausblendung der prognostizierten Trockenheit und des k\u00fcnftigen Wassermangels in den kommenden Jahrzehnten ist mir unverst\u00e4ndlich.&#8221;<\/em><\/p>\n<p>Isabell Hiekel, umweltpolitische Sprecherin, erg\u00e4nzt:<br \/>\n<em>&#8220;Die Bundesregierung zeigt schon l\u00e4nger mehr keinerlei Interesse an einem Ausbau der G\u00fcterschifffahrt auf der Oder, und das ist auch richtig so. Kosten und Nutzen stehen in keinem Verh\u00e4ltnis und die Sch\u00e4den aus den Ma\u00dfnahmen sind irreversibel: Auen, St\u00f6re, Brut- und Rastpl\u00e4tze seltener Arten w\u00fcrden verschwinden. Ich denke, der Bund muss sich hier verhalten, wenn der Widerspruch des Brandenburger Umweltministeriums abgelehnt werden sollte.&#8221;<\/em><\/p>\n<h4>\nHintergrund:<\/h4>\n<p>Der Beschluss Nr. 5\/2020 \u00fcber die Umweltbedingungen f\u00fcr das Vorhaben: 113.2 Etappe 1 und Etappe 11 Modernisierungsarbeiten an der Grenzoder<br \/>\nim Rahmen des Hochwasserschutzprojekts im Einzugsgebiet der Oder und der Weichsel&#8221; der Regionalen Umweltdirektion Stettin vom 18. M\u00e4rz 2020 zum Ausbau der Grenzoder auf polnischer Seite wurde in der Zeit vom 16. bis 30. Juli 2020 in Deutschland ausgelegt und ver\u00f6ffentlicht. Die Frist f\u00fcr den Widerspruch endete bei den polnischen Beh\u00f6rden am 13. August 2020.<\/p>\n<p><a href=\"https:\/\/mluk.brandenburg.de\/mluk\/de\/umwelt\/fach%C3%BCbergreifendes-umweltrecht\/umweltpr%C3%BCfung\/umweltvertraeglichkeitspruefung\/grenzueberschreitende-uvp\/polnischer-umweltbescheid-fuer-modernisierungsarbeiten-am-grenzfluss-oder\/\">&gt;&gt; Link zum Widerspruch<\/a><\/p>\n","protected":false},"excerpt":{"rendered":"<p>Das Brandenburger Umweltministerium hat gegen die polnischen Pl\u00e4ne zum Oderausbau fristgerecht Widerspruch eingelegt. Sahra Damus erkl\u00e4rt dazu folgendes: &#8220;Ich begr\u00fc\u00dfe es sehr, dass das Umweltministerium des Landes Brandenburg sich deutlich [&hellip;]<\/p>\n","protected":false},"author":1,"featured_media":0,"comment_status":"open","ping_status":"open","sticky":false,"template":"","format":"standard","meta":{"footnotes":""},"categories":[7],"tags":[],"class_list":["post-433","post","type-post","status-publish","format-standard","hentry","category-pressemitteilungen"],"_links":{"self":[{"href":"https:\/\/www.sahra-damus.de\/wordpress\/wp-json\/wp\/v2\/posts\/433","targetHints":{"allow":["GET"]}}],"collection":[{"href":"https:\/\/www.sahra-damus.de\/wordpress\/wp-json\/wp\/v2\/posts"}],"about":[{"href":"https:\/\/www.sahra-damus.de\/wordpress\/wp-json\/wp\/v2\/types\/post"}],"author":[{"embeddable":true,"href":"https:\/\/www.sahra-damus.de\/wordpress\/wp-json\/wp\/v2\/users\/1"}],"replies":[{"embeddable":true,"href":"https:\/\/www.sahra-damus.de\/wordpress\/wp-json\/wp\/v2\/comments?post=433"}],"version-history":[{"count":2,"href":"https:\/\/www.sahra-damus.de\/wordpress\/wp-json\/wp\/v2\/posts\/433\/revisions"}],"predecessor-version":[{"id":435,"href":"https:\/\/www.sahra-damus.de\/wordpress\/wp-json\/wp\/v2\/posts\/433\/revisions\/435"}],"wp:attachment":[{"href":"https:\/\/www.sahra-damus.de\/wordpress\/wp-json\/wp\/v2\/media?parent=433"}],"wp:term":[{"taxonomy":"category","embeddable":true,"href":"https:\/\/www.sahra-damus.de\/wordpress\/wp-json\/wp\/v2\/categories?post=433"},{"taxonomy":"post_tag","embeddable":true,"href":"https:\/\/www.sahra-damus.de\/wordpress\/wp-json\/wp\/v2\/tags?post=433"}],"curies":[{"name":"wp","href":"https:\/\/api.w.org\/{rel}","templated":true}]}}