{"id":449,"date":"2020-10-02T09:08:11","date_gmt":"2020-10-02T09:08:11","guid":{"rendered":"https:\/\/www.sahra-damus.de\/?p=449"},"modified":"2020-10-05T09:11:36","modified_gmt":"2020-10-05T09:11:36","slug":"ausweitung-der-mikrostipendien-kulturschaffende-brauchen-unkomplizierte-hilfen","status":"publish","type":"post","link":"https:\/\/www.sahra-damus.de\/wordpress\/ausweitung-der-mikrostipendien-kulturschaffende-brauchen-unkomplizierte-hilfen\/","title":{"rendered":"Ausweitung der Mikrostipendien: Kulturschaffende brauchen unkomplizierte Hilfen"},"content":{"rendered":"<div id=\"c1018181\" class=\"csc-default\">\n<p>Zur Bekanntgabe der Kulturministerin, hauptberuflich freischaffende K\u00fcnstlerinnen und K\u00fcnstler mit 2,7 Millionen Euro unterst\u00fctzen zu wollen, \u00e4u\u00dfert sich die kulturpolitische Sprecherin der Fraktion B\u00dcNDNIS 90\/DIE GR\u00dcNEN im Brandenburger Landtag Sahra Damus wie folgt:<\/p>\n<p>\u201eWir begr\u00fc\u00dfen sehr, dass das Land die freien Kulturschaffenden mit weiteren Mikrostipendien unterst\u00fctzt \u2013 insbesondere, dass diese F\u00f6rderung nun aufgestockt wurde und die gef\u00f6rderten K\u00fcnstlerinnen und K\u00fcnstler k\u00fcnftig 2500 Euro erhalten werden anstatt wie bisher 1000 Euro. Zudem k\u00f6nnen nun auch K\u00fcnstlerinnen und K\u00fcnstler, die nicht in der K\u00fcnstlersozialkasse sind oder einem Verband angeh\u00f6ren, die F\u00f6rderung erhalten. Unsere Fraktion hatte sich in der Vergangenheit f\u00fcr eine Verl\u00e4ngerung und Ausweitung der F\u00f6rderung eingesetzt. Kulturschaffende brauchen unkomplizierte Hilfen, um in der Coronakrise abgesichert zu sein.\u201c<\/p>\n<\/div>\n","protected":false},"excerpt":{"rendered":"<p>Zur Bekanntgabe der Kulturministerin, hauptberuflich freischaffende K\u00fcnstlerinnen und K\u00fcnstler mit 2,7 Millionen Euro unterst\u00fctzen zu wollen, \u00e4u\u00dfert sich die kulturpolitische Sprecherin der Fraktion B\u00dcNDNIS 90\/DIE GR\u00dcNEN im Brandenburger Landtag Sahra [&hellip;]<\/p>\n","protected":false},"author":1,"featured_media":0,"comment_status":"open","ping_status":"open","sticky":false,"template":"","format":"standard","meta":{"footnotes":""},"categories":[7],"tags":[],"class_list":["post-449","post","type-post","status-publish","format-standard","hentry","category-pressemitteilungen"],"_links":{"self":[{"href":"https:\/\/www.sahra-damus.de\/wordpress\/wp-json\/wp\/v2\/posts\/449","targetHints":{"allow":["GET"]}}],"collection":[{"href":"https:\/\/www.sahra-damus.de\/wordpress\/wp-json\/wp\/v2\/posts"}],"about":[{"href":"https:\/\/www.sahra-damus.de\/wordpress\/wp-json\/wp\/v2\/types\/post"}],"author":[{"embeddable":true,"href":"https:\/\/www.sahra-damus.de\/wordpress\/wp-json\/wp\/v2\/users\/1"}],"replies":[{"embeddable":true,"href":"https:\/\/www.sahra-damus.de\/wordpress\/wp-json\/wp\/v2\/comments?post=449"}],"version-history":[{"count":1,"href":"https:\/\/www.sahra-damus.de\/wordpress\/wp-json\/wp\/v2\/posts\/449\/revisions"}],"predecessor-version":[{"id":450,"href":"https:\/\/www.sahra-damus.de\/wordpress\/wp-json\/wp\/v2\/posts\/449\/revisions\/450"}],"wp:attachment":[{"href":"https:\/\/www.sahra-damus.de\/wordpress\/wp-json\/wp\/v2\/media?parent=449"}],"wp:term":[{"taxonomy":"category","embeddable":true,"href":"https:\/\/www.sahra-damus.de\/wordpress\/wp-json\/wp\/v2\/categories?post=449"},{"taxonomy":"post_tag","embeddable":true,"href":"https:\/\/www.sahra-damus.de\/wordpress\/wp-json\/wp\/v2\/tags?post=449"}],"curies":[{"name":"wp","href":"https:\/\/api.w.org\/{rel}","templated":true}]}}