{"id":473,"date":"2020-11-03T16:54:05","date_gmt":"2020-11-03T16:54:05","guid":{"rendered":"https:\/\/www.sahra-damus.de\/?p=473"},"modified":"2020-11-03T16:54:05","modified_gmt":"2020-11-03T16:54:05","slug":"29-oktober-tag-der-direktvermarktung","status":"publish","type":"post","link":"https:\/\/www.sahra-damus.de\/wordpress\/29-oktober-tag-der-direktvermarktung\/","title":{"rendered":"29. Oktober: Tag der Direktvermarktung"},"content":{"rendered":"<p>Anl\u00e4sslich des Brandenburger Tages der Direktvermarktung und des Ern\u00e4hrungshandwerks \u00e4u\u00dfert sich die Parlamentarische Gesch\u00e4ftsf\u00fchrerin der Fraktion B\u00dcNDNIS 90\/DIE GR\u00dcNEN im Brandenburger Landtag Sahra Damus wie folgt:<\/p>\n<p>\u201eDie fehlenden Vermarktungsm\u00f6glichkeiten z\u00e4hlen \u2013 neben Schwierigkeiten bei der Wasserversorgung und der Nachwuchsfindung \u2013 zu den gr\u00f6\u00dften Herausforderungen f\u00fcr die Brandenburger Obst- und Gem\u00fcsebauern und -b\u00e4uerinnen. Das wurde bei unseren Besuchen in den beiden gr\u00f6\u00dften Brandenburger Obstanbaugebieten Frankfurt (Oder)-Markendorf und Werder offenbar. Dabei ist Regionalit\u00e4t eines der wichtigen Kaufkriterien f\u00fcr die Verbraucher*innen. Nicht nur das: Die Nachfrage nach regionalen Produkten \u00fcbersteigt sogar das Angebot.<\/p>\n<p>Aus diesem Grund engagieren wir uns schon l\u00e4nger f\u00fcr regionale Wertsch\u00f6pfungsketten. Wir begr\u00fc\u00dfen daher die Initiative des Agrarministeriums, ein entsprechendes Qualit\u00e4tssiegel zu entwickeln und ein F\u00f6rderprogramm f\u00fcr regionale Wertsch\u00f6pfung aufzulegen. Mit einem Regionallabel f\u00e4nden Regionalprodukte aus Berlin und Brandenburg bei \u00f6ffentlichen Ausschreibungen besondere Ber\u00fccksichtigung. Mehr regionale und \u00f6kologische Produkte in den Gemeinschaftsverpflegung \u00f6ffentlicher Institutionen k\u00f6nnten sichere Einnahmequellen f\u00fcr die regionalen Obst- und Gem\u00fcsebaubetriebe schaffen.\u201d<\/p>\n<p>Isabell Hiekel, umwelt- und agrarpolitische Sprecherin der Fraktion, erg\u00e4nzt:<\/p>\n<p>\u201eAuch die Brandenburger Obst- und Gem\u00fcsebauern und -b\u00e4uerinnen m\u00fcssen Klimaanpassungsstrategien entwickeln, damit sie auch in Zukunft gute Ernten einbringen k\u00f6nnen. Die M\u00fcncheberger Obstbauversuchsanstalt kann wertvolle Beratung hinsichtlich geeigneter Sorten leisten. Ich freue mich, dass es gelungen ist, die Nachfolge der Leitung der Obstbauversuchsstation zu sichern.\u201d<\/p>\n","protected":false},"excerpt":{"rendered":"<p>Anl\u00e4sslich des Brandenburger Tages der Direktvermarktung und des Ern\u00e4hrungshandwerks \u00e4u\u00dfert sich die Parlamentarische Gesch\u00e4ftsf\u00fchrerin der Fraktion B\u00dcNDNIS 90\/DIE GR\u00dcNEN im Brandenburger Landtag Sahra Damus wie folgt: \u201eDie fehlenden Vermarktungsm\u00f6glichkeiten z\u00e4hlen [&hellip;]<\/p>\n","protected":false},"author":1,"featured_media":0,"comment_status":"open","ping_status":"open","sticky":false,"template":"","format":"standard","meta":{"footnotes":""},"categories":[7],"tags":[],"class_list":["post-473","post","type-post","status-publish","format-standard","hentry","category-pressemitteilungen"],"_links":{"self":[{"href":"https:\/\/www.sahra-damus.de\/wordpress\/wp-json\/wp\/v2\/posts\/473","targetHints":{"allow":["GET"]}}],"collection":[{"href":"https:\/\/www.sahra-damus.de\/wordpress\/wp-json\/wp\/v2\/posts"}],"about":[{"href":"https:\/\/www.sahra-damus.de\/wordpress\/wp-json\/wp\/v2\/types\/post"}],"author":[{"embeddable":true,"href":"https:\/\/www.sahra-damus.de\/wordpress\/wp-json\/wp\/v2\/users\/1"}],"replies":[{"embeddable":true,"href":"https:\/\/www.sahra-damus.de\/wordpress\/wp-json\/wp\/v2\/comments?post=473"}],"version-history":[{"count":1,"href":"https:\/\/www.sahra-damus.de\/wordpress\/wp-json\/wp\/v2\/posts\/473\/revisions"}],"predecessor-version":[{"id":474,"href":"https:\/\/www.sahra-damus.de\/wordpress\/wp-json\/wp\/v2\/posts\/473\/revisions\/474"}],"wp:attachment":[{"href":"https:\/\/www.sahra-damus.de\/wordpress\/wp-json\/wp\/v2\/media?parent=473"}],"wp:term":[{"taxonomy":"category","embeddable":true,"href":"https:\/\/www.sahra-damus.de\/wordpress\/wp-json\/wp\/v2\/categories?post=473"},{"taxonomy":"post_tag","embeddable":true,"href":"https:\/\/www.sahra-damus.de\/wordpress\/wp-json\/wp\/v2\/tags?post=473"}],"curies":[{"name":"wp","href":"https:\/\/api.w.org\/{rel}","templated":true}]}}