{"id":487,"date":"2020-11-16T15:31:35","date_gmt":"2020-11-16T15:31:35","guid":{"rendered":"https:\/\/www.sahra-damus.de\/?p=487"},"modified":"2020-12-02T10:32:25","modified_gmt":"2020-12-02T10:32:25","slug":"sahra-damus-gratuliert-obstbauern-zum-hansepreis","status":"publish","type":"post","link":"https:\/\/www.sahra-damus.de\/wordpress\/sahra-damus-gratuliert-obstbauern-zum-hansepreis\/","title":{"rendered":"Sahra Damus gratuliert Obstbauern zum Hansepreis"},"content":{"rendered":"<p>Am morgigen Dienstag, den 17.11.2020, wird der Frankfurter Markendorf Obst AG der Hansepreis des Hanseclubs \u2013 Wirtschaft f\u00fcr Frankfurt (Oder) und Eisenh\u00fcttenstadt e.V. \u00a0verliehen.<\/p>\n<p>Die Frankfurter Landtagsabgeordnete Sahra Damus \u00fcbersendet dazu Ihre herzlichen Gl\u00fcckw\u00fcnsche und kommentiert:<\/p>\n<p>\u201eDie Obstbauern in Markendorf haben in Frankfurt Tradition. Als zweitgr\u00f6\u00dftes Obstanbaugebiet in Brandenburg haben wir hier in Markendorf einen wichtigen Standort, der unbedingt erhalten bleiben muss, um regionale Wertsch\u00f6pfung zu st\u00e4rken und traditionelle Strukturen vor Ort zu erhalten.<\/p>\n<p>Ich freue mich daher sehr dar\u00fcber, dass die 30-j\u00e4hrige Arbeit der Obstb\u00e4uerinnen und -bauern durch die Verleihung des Hansepreises gew\u00fcrdigt wird. Wir sollten jedoch nicht vergessen, dass der Obstbau in Brandenburg vor gro\u00dfen Herausforderungen steht: Die Anpassung an die Klimaver\u00e4nderungen, fehlender Nachwuchs und die Schwierigkeit trotz internationaler Konkurrenz mit regionaler Produktion wettbewerbsf\u00e4hig zu sein.<\/p>\n<p>Die Koalition im Landtag setzt sich daher gezielt ein f\u00fcr die St\u00e4rkung der Direktvermarkung, mit dem Regionalsiegel f\u00fcr eine bessere Ber\u00fccksichtigung von Produkten aus Brandenburg und Berlin und f\u00fcr mehr Unterst\u00fctzung der Obstb\u00e4uerinnen beim Wassermanagement. Diese politischen Schritte sind wichtig, allerdings sollten wir die Verbraucher*innenseite auch nicht ganz au\u00dfer Acht lassen. Insbesondere w\u00fcrde ich mir w\u00fcnschen, dass auch die \u00f6ffentlichen Einrichtungen im Land ihre Versorgung st\u00e4rker regional ausrichten und wir so gemeinsam die B\u00e4uerinnen und Bauern in Brandenburg st\u00e4rken.\u201c<\/p>\n","protected":false},"excerpt":{"rendered":"<p>Am morgigen Dienstag, den 17.11.2020, wird der Frankfurter Markendorf Obst AG der Hansepreis des Hanseclubs \u2013 Wirtschaft f\u00fcr Frankfurt (Oder) und Eisenh\u00fcttenstadt e.V. \u00a0verliehen. Die Frankfurter Landtagsabgeordnete Sahra Damus \u00fcbersendet [&hellip;]<\/p>\n","protected":false},"author":1,"featured_media":0,"comment_status":"open","ping_status":"open","sticky":false,"template":"","format":"standard","meta":{"footnotes":""},"categories":[7],"tags":[],"class_list":["post-487","post","type-post","status-publish","format-standard","hentry","category-pressemitteilungen"],"_links":{"self":[{"href":"https:\/\/www.sahra-damus.de\/wordpress\/wp-json\/wp\/v2\/posts\/487","targetHints":{"allow":["GET"]}}],"collection":[{"href":"https:\/\/www.sahra-damus.de\/wordpress\/wp-json\/wp\/v2\/posts"}],"about":[{"href":"https:\/\/www.sahra-damus.de\/wordpress\/wp-json\/wp\/v2\/types\/post"}],"author":[{"embeddable":true,"href":"https:\/\/www.sahra-damus.de\/wordpress\/wp-json\/wp\/v2\/users\/1"}],"replies":[{"embeddable":true,"href":"https:\/\/www.sahra-damus.de\/wordpress\/wp-json\/wp\/v2\/comments?post=487"}],"version-history":[{"count":1,"href":"https:\/\/www.sahra-damus.de\/wordpress\/wp-json\/wp\/v2\/posts\/487\/revisions"}],"predecessor-version":[{"id":488,"href":"https:\/\/www.sahra-damus.de\/wordpress\/wp-json\/wp\/v2\/posts\/487\/revisions\/488"}],"wp:attachment":[{"href":"https:\/\/www.sahra-damus.de\/wordpress\/wp-json\/wp\/v2\/media?parent=487"}],"wp:term":[{"taxonomy":"category","embeddable":true,"href":"https:\/\/www.sahra-damus.de\/wordpress\/wp-json\/wp\/v2\/categories?post=487"},{"taxonomy":"post_tag","embeddable":true,"href":"https:\/\/www.sahra-damus.de\/wordpress\/wp-json\/wp\/v2\/tags?post=487"}],"curies":[{"name":"wp","href":"https:\/\/api.w.org\/{rel}","templated":true}]}}