{"id":489,"date":"2020-11-26T15:32:42","date_gmt":"2020-11-26T15:32:42","guid":{"rendered":"https:\/\/www.sahra-damus.de\/?p=489"},"modified":"2020-12-02T10:48:15","modified_gmt":"2020-12-02T10:48:15","slug":"und-wieder-gute-nachrichten-fuers-alte-kino","status":"publish","type":"post","link":"https:\/\/www.sahra-damus.de\/wordpress\/und-wieder-gute-nachrichten-fuers-alte-kino\/","title":{"rendered":"&#8220;Und wieder gute Nachrichten f\u00fcrs alte Kino!&#8221;"},"content":{"rendered":"<p><img loading=\"lazy\" decoding=\"async\" class=\"wp-image-490 alignright\" src=\"https:\/\/www.sahra-damus.de\/wordpresswp-content\/uploads\/2020\/12\/115-Mio-f\u00fcrs-Alte-Kino-300x225.jpg\" alt=\"\" width=\"453\" height=\"340\" srcset=\"https:\/\/www.sahra-damus.de\/wordpress\/wp-content\/uploads\/2020\/12\/115-Mio-f\u00fcrs-Alte-Kino-300x225.jpg 300w, https:\/\/www.sahra-damus.de\/wordpress\/wp-content\/uploads\/2020\/12\/115-Mio-f\u00fcrs-Alte-Kino-1024x768.jpg 1024w, https:\/\/www.sahra-damus.de\/wordpress\/wp-content\/uploads\/2020\/12\/115-Mio-f\u00fcrs-Alte-Kino-768x576.jpg 768w, https:\/\/www.sahra-damus.de\/wordpress\/wp-content\/uploads\/2020\/12\/115-Mio-f\u00fcrs-Alte-Kino-1536x1152.jpg 1536w, https:\/\/www.sahra-damus.de\/wordpress\/wp-content\/uploads\/2020\/12\/115-Mio-f\u00fcrs-Alte-Kino.jpg 1728w\" sizes=\"auto, (max-width: 453px) 100vw, 453px\" \/><\/p>\n<p>Zu den von MdB Martin Patzelt und Ministerin Manja Sch\u00fcle ver\u00f6ffentlichten Informationen hinsichtlich einer Bundesf\u00f6rderung f\u00fcr das Frankfurter Alte Kino erkl\u00e4rt die B\u00fcndnisgr\u00fcne Landtagsabgeordnete Sahra Damus:<\/p>\n<p>&#8220;Und wieder gute Nachrichten f\u00fcrs alte Kino! Nachdem im Sommer bereits 10 Mio Euro aus Landesmitteln f\u00fcr das alte Kino in den Haushaltsentwurf eingestellt wurden, beteiligt sich nun auch der Bund mit 11,5 Mio Euro. Der Haushaltsausschuss des Bundestags hat die Mittel heute freigegeben. Mit diesem weiteren Baustein wird die Finanzierung nun greifbar. Daraus soll in den n\u00e4chsten Jahren das ehemalige Lichtspieltheater der Jugend denkmalgerecht zum neuen Standort des Brandenburgischen Landesmuseum f\u00fcr Moderne Kunst umgebaut werden. Ich freue mich wirklich sehr und danke allen Beteiligten, die an diesem sch\u00f6nen Erfolg mitgewirkt haben.&#8221;<\/p>\n","protected":false},"excerpt":{"rendered":"<p>Zu den von MdB Martin Patzelt und Ministerin Manja Sch\u00fcle ver\u00f6ffentlichten Informationen hinsichtlich einer Bundesf\u00f6rderung f\u00fcr das Frankfurter Alte Kino erkl\u00e4rt die B\u00fcndnisgr\u00fcne Landtagsabgeordnete Sahra Damus: &#8220;Und wieder gute Nachrichten [&hellip;]<\/p>\n","protected":false},"author":1,"featured_media":0,"comment_status":"open","ping_status":"open","sticky":false,"template":"","format":"standard","meta":{"footnotes":""},"categories":[7],"tags":[16],"class_list":["post-489","post","type-post","status-publish","format-standard","hentry","category-pressemitteilungen","tag-altes-kino"],"_links":{"self":[{"href":"https:\/\/www.sahra-damus.de\/wordpress\/wp-json\/wp\/v2\/posts\/489","targetHints":{"allow":["GET"]}}],"collection":[{"href":"https:\/\/www.sahra-damus.de\/wordpress\/wp-json\/wp\/v2\/posts"}],"about":[{"href":"https:\/\/www.sahra-damus.de\/wordpress\/wp-json\/wp\/v2\/types\/post"}],"author":[{"embeddable":true,"href":"https:\/\/www.sahra-damus.de\/wordpress\/wp-json\/wp\/v2\/users\/1"}],"replies":[{"embeddable":true,"href":"https:\/\/www.sahra-damus.de\/wordpress\/wp-json\/wp\/v2\/comments?post=489"}],"version-history":[{"count":7,"href":"https:\/\/www.sahra-damus.de\/wordpress\/wp-json\/wp\/v2\/posts\/489\/revisions"}],"predecessor-version":[{"id":493,"href":"https:\/\/www.sahra-damus.de\/wordpress\/wp-json\/wp\/v2\/posts\/489\/revisions\/493"}],"wp:attachment":[{"href":"https:\/\/www.sahra-damus.de\/wordpress\/wp-json\/wp\/v2\/media?parent=489"}],"wp:term":[{"taxonomy":"category","embeddable":true,"href":"https:\/\/www.sahra-damus.de\/wordpress\/wp-json\/wp\/v2\/categories?post=489"},{"taxonomy":"post_tag","embeddable":true,"href":"https:\/\/www.sahra-damus.de\/wordpress\/wp-json\/wp\/v2\/tags?post=489"}],"curies":[{"name":"wp","href":"https:\/\/api.w.org\/{rel}","templated":true}]}}