{"id":500,"date":"2020-12-10T14:02:18","date_gmt":"2020-12-10T14:02:18","guid":{"rendered":"https:\/\/www.sahra-damus.de\/?p=500"},"modified":"2020-12-10T14:03:47","modified_gmt":"2020-12-10T14:03:47","slug":"durchbruch-ertuechtigung-des-wasserwerkes-muellrose-ist-bestbewertete-massnahme-zur-sicherung-des-frankfurter-trinkwassers","status":"publish","type":"post","link":"https:\/\/www.sahra-damus.de\/wordpress\/durchbruch-ertuechtigung-des-wasserwerkes-muellrose-ist-bestbewertete-massnahme-zur-sicherung-des-frankfurter-trinkwassers\/","title":{"rendered":"Durchbruch: Ert\u00fcchtigung des Wasserwerkes M\u00fcllrose ist bestbewertete Ma\u00dfnahme zur Sicherung des Frankfurter Trinkwassers"},"content":{"rendered":"<p>Die Ver\u00f6ffentlichung einer Gef\u00e4hrdungsanalyse f\u00fcr die Trinkwasserversorgung im Gro\u00dfraum Frankfurt (Oder) bringt endlich Bewegung in dem jahrelangen Streit um die Bedrohung der Trinkwasserversorgung im Osten Brandenburgs. F\u00fcr die Frankfurter Landtagsangeordnete Sahra Damus (B\u00fcndnis 90\/Die Gr\u00fcnen) ist mit dem Gutachten endlich ein Durchbruch erreicht. Die Gef\u00e4hrdungsabsch\u00e4tzung f\u00fcr das in der Region ma\u00dfgebliche Wasserwerk Briesen (Landkreis Oder-Spree) hat ergeben, dass bei Mehrbedarf oder klimawandelbedingter Trockenheit eine Bedrohung f\u00fcr die Wasserversorgung besteht. Aktuell bestehe aber keine akute Gefahr.<\/p>\n<p>Der Brandenburger Wirtschaftsstaatssekret\u00e4r Hendrik Fischer erkl\u00e4rte in der Sitzung des Wirtschaftsausschusses am gestrigen Mittwoch, dass die Ert\u00fcchtigung des Wasserwerks M\u00fcllrose eine der wesentlichen Ma\u00dfnahmen sein kann, um das Problem zu l\u00f6sen. Die Gutachter hatten diese Ma\u00dfnahme hinsichtlich schneller Umsetzbarkeit, Genehmigungsf\u00e4higkeit und Kosten als beste Ma\u00dfnahme bewertet. Durch die Lausitzer Braunkohletagebaue wird Sulfat ausgeschwemmt und bedroht das Trinkwasser, die wie im Fall von Frankfurt (Oder) \u00fcberwiegend aus Uferfiltrat der Spree gewonnen wird. Fischer k\u00fcndigte im Ausschuss an, dass im Februar kommenden Jahres ein Fachgespr\u00e4ch zur Bewertung des Gutachtens erfolgen soll. Dort werden erste konkrete Vorschl\u00e4ge erarbeitet, wie Wasserversorgung zuk\u00fcnftig gesichert werden soll. Bis dahin sollten die Stellungnahmen der unterschiedlichen Beteiligten vorliegen.<\/p>\n<p>\u201eEndlich ist ein Durchbruch erreicht! Wir sehen uns gemeinsam mit der unserem Wasserversorger FWA in der jahrelangen Forderung nach einer L\u00f6sung des Problems durch die Verursacher best\u00e4tigt. Jetzt braucht es eine zeitnahe Entscheidung und eine Sicherung der Finanzierung\u201c, sagt die Frankfurter Landtagsabgeordnete der B\u00fcndnisgr\u00fcnen Sahra Damus. Staatssekret\u00e4r Hendrik Fischer gehe davon aus, dass die Zusagen des Landes und der LEAG zur Finanzierung weiterhin bestehen. Beim Bergbausanierer LMBV als Einrichtung des Bundes zur Nachsorge der DDR-Tagebaue m\u00fcsste allerdings der Steuerungs- und Budgetausschuss (StuBa) entscheiden.<\/p>\n<p>\u201eWenngleich die Ert\u00fcchtigung des Wasserwerks M\u00fcllrose die h\u00f6chste Priorit\u00e4t behalten soll, m\u00fcssen parallel auch die zweit- und drittplatzierten Ma\u00dfnahmen gepr\u00fcft werden\u201c, sagt Damus. Die Gutachter benannten eine Wasserleitung nach Pohlitz auf dem zweiten Platz und auf Platz drei die Erschlie\u00dfung neuer Grundwasservorkommen bei Kersdorf.<\/p>\n<p>Kurz vor der Debatte im Ausschuss hatten Frankfurter B\u00fcrger*innen 1600 Unterschriften an den Staatssekret\u00e4r \u00fcberreicht. Sahra Damus bedankte sich bei den engagierten B\u00fcrger*innen f\u00fcr den R\u00fcckenwind f\u00fcr das Vorhaben.<\/p>\n<p>Damus gibt aber zu bedenken, dass selbst wenn sich f\u00fcr das Frankfurter Trinkwasser eine L\u00f6sung abzeichnet, das Problem mit der Sulfatbelastung in der Spree nicht gel\u00f6st sei. \u201eWir behandeln nur die Auswirkungen. Die Lausitzer Braunkohletagebaue soll noch bis 2038 aktiv sein. Das ist nicht nur fatal f\u00fcr das Klima und des Wasserdargebotes in der Lausitz, sondern auch grunds\u00e4tzlich fraglich hinsichtlich der \u00f6kologischen Auswirkungen \u201c.<\/p>\n<p><a href=\"https:\/\/lbgr.brandenburg.de\/cms\/detail.php\/bb1.c.685756.de?highlight=briesen\">&gt;&gt; Gutachten MWAE: Abschlussbericht zur Gef\u00e4hrdungsbeurteilung f\u00fcr das Wasserwerk Briesen\u2028<\/a><\/p>\n","protected":false},"excerpt":{"rendered":"<p>Die Ver\u00f6ffentlichung einer Gef\u00e4hrdungsanalyse f\u00fcr die Trinkwasserversorgung im Gro\u00dfraum Frankfurt (Oder) bringt endlich Bewegung in dem jahrelangen Streit um die Bedrohung der Trinkwasserversorgung im Osten Brandenburgs. F\u00fcr die Frankfurter Landtagsangeordnete [&hellip;]<\/p>\n","protected":false},"author":1,"featured_media":0,"comment_status":"open","ping_status":"open","sticky":false,"template":"","format":"standard","meta":{"footnotes":""},"categories":[7],"tags":[17,15],"class_list":["post-500","post","type-post","status-publish","format-standard","hentry","category-pressemitteilungen","tag-sulfat","tag-sulfatbelastung"],"_links":{"self":[{"href":"https:\/\/www.sahra-damus.de\/wordpress\/wp-json\/wp\/v2\/posts\/500","targetHints":{"allow":["GET"]}}],"collection":[{"href":"https:\/\/www.sahra-damus.de\/wordpress\/wp-json\/wp\/v2\/posts"}],"about":[{"href":"https:\/\/www.sahra-damus.de\/wordpress\/wp-json\/wp\/v2\/types\/post"}],"author":[{"embeddable":true,"href":"https:\/\/www.sahra-damus.de\/wordpress\/wp-json\/wp\/v2\/users\/1"}],"replies":[{"embeddable":true,"href":"https:\/\/www.sahra-damus.de\/wordpress\/wp-json\/wp\/v2\/comments?post=500"}],"version-history":[{"count":1,"href":"https:\/\/www.sahra-damus.de\/wordpress\/wp-json\/wp\/v2\/posts\/500\/revisions"}],"predecessor-version":[{"id":501,"href":"https:\/\/www.sahra-damus.de\/wordpress\/wp-json\/wp\/v2\/posts\/500\/revisions\/501"}],"wp:attachment":[{"href":"https:\/\/www.sahra-damus.de\/wordpress\/wp-json\/wp\/v2\/media?parent=500"}],"wp:term":[{"taxonomy":"category","embeddable":true,"href":"https:\/\/www.sahra-damus.de\/wordpress\/wp-json\/wp\/v2\/categories?post=500"},{"taxonomy":"post_tag","embeddable":true,"href":"https:\/\/www.sahra-damus.de\/wordpress\/wp-json\/wp\/v2\/tags?post=500"}],"curies":[{"name":"wp","href":"https:\/\/api.w.org\/{rel}","templated":true}]}}