{"id":631,"date":"2021-03-24T16:00:43","date_gmt":"2021-03-24T16:00:43","guid":{"rendered":"https:\/\/www.sahra-damus.de\/wordpress\/?p=631"},"modified":"2021-04-06T08:13:24","modified_gmt":"2021-04-06T08:13:24","slug":"made-in-brandenburg-mit-qualitaetszeichen-und-dialog-zu-besserer-regionaler-wertschoepfung","status":"publish","type":"post","link":"https:\/\/www.sahra-damus.de\/wordpress\/made-in-brandenburg-mit-qualitaetszeichen-und-dialog-zu-besserer-regionaler-wertschoepfung\/","title":{"rendered":"Mehr Obst und Gem\u00fcse vom Acker nebenan"},"content":{"rendered":"<p><img loading=\"lazy\" decoding=\"async\" class=\"wp-image-634 alignleft\" src=\"https:\/\/www.sahra-damus.de\/wordpress\/wp-content\/uploads\/2021\/03\/165447439_10158252204671747_7884402485786752044_n-300x225.jpg\" alt=\"\" width=\"178\" height=\"134\" srcset=\"https:\/\/www.sahra-damus.de\/wordpress\/wp-content\/uploads\/2021\/03\/165447439_10158252204671747_7884402485786752044_n-300x225.jpg 300w, https:\/\/www.sahra-damus.de\/wordpress\/wp-content\/uploads\/2021\/03\/165447439_10158252204671747_7884402485786752044_n.jpg 720w\" sizes=\"auto, (max-width: 178px) 100vw, 178px\" \/><\/p>\n<p>Die regionale Wertsch\u00f6pfung in der Land- und Verarbeitungswirtschaft f\u00f6rdern: Das will ein aktueller Antrag der Koalitionsfraktionen, der heute einstimmig vom Landtag beschlossen wurde.<!--more--><!--more--><!--noteaser-->Die regionale Wertsch\u00f6pfung in der Land- und Verarbeitungswirtschaft f\u00f6rdern: Das will ein aktueller Antrag der Koalitionsfraktionen, der heute einstimmig vom Landtag beschlossen wurde.Dazu sagt die agrarpolitische Sprecherin der b\u00fcndnisgr\u00fcnen Landtagsfraktion <strong>Isabell Hiekel<\/strong>:<\/p>\n<div id=\"attachment_634\" style=\"width: 532px\" class=\"wp-caption alignright\"><img loading=\"lazy\" decoding=\"async\" aria-describedby=\"caption-attachment-634\" class=\" wp-image-634\" src=\"https:\/\/www.sahra-damus.de\/wordpress\/wp-content\/uploads\/2021\/03\/165447439_10158252204671747_7884402485786752044_n-300x225.jpg\" alt=\"\" width=\"522\" height=\"392\" srcset=\"https:\/\/www.sahra-damus.de\/wordpress\/wp-content\/uploads\/2021\/03\/165447439_10158252204671747_7884402485786752044_n-300x225.jpg 300w, https:\/\/www.sahra-damus.de\/wordpress\/wp-content\/uploads\/2021\/03\/165447439_10158252204671747_7884402485786752044_n.jpg 720w\" sizes=\"auto, (max-width: 522px) 100vw, 522px\" \/><p id=\"caption-attachment-634\" class=\"wp-caption-text\">Foto: Sahra Damus<\/p><\/div>\n<p>\u201eWir wollen unseren Landwirtschafts- und Verarbeitungsbetrieben Planungssicherheit und Zukunftsperspektive geben und gleichzeitig die tiefe L\u00fccke zwischen Angebot und Nachfrage an gesunden, regional erzeugten Lebensmitteln in der Hauptstadtregion schlie\u00dfen. Das kann nur mit einem steten Dialog zwischen den Akteurinnen und Akteuren aus der Land- und Verarbeitungswirtschaft mit den Vertreterinnen und Vertretern des Handels, der Logistik und der Politik gelingen. Wir unterst\u00fctzen damit auch das Anliegen des vom Landesbauernverband skizzierten \u201aNeuen Brandenburger Weges\u2018.\u201c<\/p>\n<p>Die Frankfurter Landtagsabgeordnete <b>Sahra Damus <\/b>erg\u00e4nzt: &#8220;Das EU-notifizierte Qualit\u00e4tszeichen wird es rechtlich erm\u00f6glichen, regionale Produkte in \u00f6ffentlichen Vergaben zu bevorzugen, was sichere Abnahmequellen f\u00fcr die Landwirtschaft schafft. Daf\u00fcr gibt es ein funktionierendes Beispiel aus Baden-W\u00fcrttemberg. Ich begr\u00fc\u00dfe, dass dieser Prozess in Brandenburg mit Obst- und Gem\u00fcseanbau beginnen und dann ausgeweitet werden soll.\u00a0 Das ist ein gutes Zeichen f\u00fcr die Brandenburger Obst- und Gem\u00fcsebauern und -b\u00e4uerinnen, die seit Jahren um bessere Perspektiven k\u00e4mpfen. Das Qualit\u00e4tszeichen ist ein Baustein zur Etablierung regionaler Wertsch\u00f6pfungsketten sowie zum Erhalt der traditionellen Obst- und Gem\u00fcseanbaustrukturen in Brandenburg. Ich werde mich weiter f\u00fcr die Obstbauern und -b\u00e4uerinnen in den traditionellen Anbaugebieten in Frankfurt (Oder) Markendorf und rund um Werder (Havel) einsetzen.&#8221;<\/p>\n<p>Der Antrag beauftragt die Landesregierung, den Auf- und Ausbau von Wertsch\u00f6pfungsketten in der Lebensmittelwirtschaft zu unterst\u00fctzen und zu begleiten. Dabei geht es vor allem um die verarbeitenden Bereiche, ganz besonders um die Kapazit\u00e4ten der Schlachtbetriebe, die Milchwirtschaft sowie gartenbauliche Erzeugnisse wie Obst und Gem\u00fcse. Durch die Einf\u00fchrung eines EU-notifizierten Qualit\u00e4tszeichens soll au\u00dferdem die Vermarktung der Brandenburger Produkte in der Hauptstadtregion verbessert werden. Damit wird es f\u00fcr die Lebensmittelwirtschaft erleichtert, sich an Ausschreibungen f\u00fcr die Gemeinschaftsverpflegung in Kitas, Schulen, Universit\u00e4ten und \u00f6ffentlichen Kantinen in Berlin und Brandenburg zu beteiligen. Das Brandenburger Qualit\u00e4tszeichen soll f\u00fcr ein m\u00f6glichst breites Spektrum an Lebensmitteln gelten und unter Aufnahme von Kriterien unter anderem aus den Bereichen Tierwohl, regionale Futtermittel, faire Arbeitsbedingungen, faire und transparente Lieferketten, Klimaschutz und Nachhaltigkeit sukzessive weiterentwickelt werden. Der Antrag sieht dar\u00fcber hinaus auch die Pr\u00fcfung geeigneter Investitionsf\u00f6rderprogramme sowie eine Marketingkampagne vor.<\/p>\n<p><b>Hintergrund:<\/b><\/p>\n<p>Das ohnehin gro\u00dfe Interesse der Brandenburger*innen an regionalen Produkten ist in der Corona-Pandemie noch gewachsen \u2013 das zeigt die aktuelle Umfrage f\u00fcr den Ern\u00e4hrungsreport 2020 des Bundeslandwirtschaftsministeriums. Bef\u00f6rdert wird diese Entwicklung durch sich ver\u00e4ndernde Verbraucherpr\u00e4ferenzen, eine teils gestiegene Kaufkraft in der Region und wachsende Einwohner*innenzahlen in Berlin und Brandenburg. Dennoch macht der Anteil an regionalen Produkten in den Brandenburger Superm\u00e4rkten aktuell lediglich sieben Prozent aus. Zudem funktionieren die Lieferbeziehungen bei regional erzeugten Lebensmitteln aus der Erzeugungsregion Brandenburg in die Verbrauchsregionen Brandenburg und Berlin derzeit vorrangig produktbezogen und jahreszeitlich gut \u2013 etwa bei Spargel aus Beelitz oder Gurken aus dem Spreewald. Das Potential der vielf\u00e4ltigen Produkte aus der Region ist damit aber bei weitem nicht ersch\u00f6pft.<\/p>\n<p><a href=\"https:\/\/www.parlamentsdokumentation.brandenburg.de\/starweb\/LBB\/ELVIS\/parladoku\/w7\/drs\/ab_3100\/3191.pdf\">&gt;&gt; Gemeinsamer Antrag der Koalitionsfraktionen \u201eWertsch\u00f6pfung in der Brandenburgischen Lebensmittelwirtschaft ausbauen\u201c (pdf-Datei)<\/a><\/p>\n","protected":false},"excerpt":{"rendered":"<p>Die regionale Wertsch\u00f6pfung in der Land- und Verarbeitungswirtschaft f\u00f6rdern: Das will ein aktueller Antrag der Koalitionsfraktionen, der heute einstimmig vom Landtag beschlossen wurde.<\/p>\n","protected":false},"author":1,"featured_media":0,"comment_status":"open","ping_status":"open","sticky":false,"template":"","format":"standard","meta":{"footnotes":""},"categories":[7],"tags":[],"class_list":["post-631","post","type-post","status-publish","format-standard","hentry","category-pressemitteilungen"],"_links":{"self":[{"href":"https:\/\/www.sahra-damus.de\/wordpress\/wp-json\/wp\/v2\/posts\/631","targetHints":{"allow":["GET"]}}],"collection":[{"href":"https:\/\/www.sahra-damus.de\/wordpress\/wp-json\/wp\/v2\/posts"}],"about":[{"href":"https:\/\/www.sahra-damus.de\/wordpress\/wp-json\/wp\/v2\/types\/post"}],"author":[{"embeddable":true,"href":"https:\/\/www.sahra-damus.de\/wordpress\/wp-json\/wp\/v2\/users\/1"}],"replies":[{"embeddable":true,"href":"https:\/\/www.sahra-damus.de\/wordpress\/wp-json\/wp\/v2\/comments?post=631"}],"version-history":[{"count":12,"href":"https:\/\/www.sahra-damus.de\/wordpress\/wp-json\/wp\/v2\/posts\/631\/revisions"}],"predecessor-version":[{"id":652,"href":"https:\/\/www.sahra-damus.de\/wordpress\/wp-json\/wp\/v2\/posts\/631\/revisions\/652"}],"wp:attachment":[{"href":"https:\/\/www.sahra-damus.de\/wordpress\/wp-json\/wp\/v2\/media?parent=631"}],"wp:term":[{"taxonomy":"category","embeddable":true,"href":"https:\/\/www.sahra-damus.de\/wordpress\/wp-json\/wp\/v2\/categories?post=631"},{"taxonomy":"post_tag","embeddable":true,"href":"https:\/\/www.sahra-damus.de\/wordpress\/wp-json\/wp\/v2\/tags?post=631"}],"curies":[{"name":"wp","href":"https:\/\/api.w.org\/{rel}","templated":true}]}}