{"id":724,"date":"2021-03-19T13:26:55","date_gmt":"2021-03-19T13:26:55","guid":{"rendered":"https:\/\/www.sahra-damus.de\/wordpress\/?p=724"},"modified":"2021-05-04T13:51:55","modified_gmt":"2021-05-04T13:51:55","slug":"muendliche-anfrage-barrierefreie-umsteigemoeglichkeiten-am-haltepunkt-werbig","status":"publish","type":"post","link":"https:\/\/www.sahra-damus.de\/wordpress\/muendliche-anfrage-barrierefreie-umsteigemoeglichkeiten-am-haltepunkt-werbig\/","title":{"rendered":"M\u00fcndliche Anfrage &#8220;Barrierefreie Umsteigem\u00f6glichkeiten am Haltepunkt Werbig&#8221;"},"content":{"rendered":"<p><span dir=\"ltr\">Aus der Kleinen Anfrage zu Barrierefreiheit und Umsteigebeziehungen am Haltepunkt Wer<\/span><span dir=\"ltr\">big (RB 26\/RB 60) vom 17.02.2021 ergab sich, dass eine Finanzierung und Umsetzung der <\/span><span dir=\"ltr\">Erneuerung des Kreuzungsbauwerks durch die DB erfreulicherweise f\u00fcr 2023 geplant ist.<\/span><span dir=\"ltr\">Ob daf\u00fcr eine Rampe oder ein Aufzug in<\/span><span dir=\"ltr\">f<\/span><span dir=\"ltr\">rage kommt, konnte noch nicht abschlie\u00dfend be-<\/span><span dir=\"ltr\">antwortet werden. Zudem erfolgte in der <\/span><span dir=\"ltr\">Antwort auf die <\/span><span dir=\"ltr\">Anfrage der Zusatz, dass ein voll-<\/span><span dir=\"ltr\">st\u00e4ndig barrierefreier Ausbau der Station Werbig im Zusammenhang mit dem angestreb<\/span><span dir=\"ltr\">ten <\/span><span dir=\"ltr\">zweigleisigen Ausbau der Ostbahn vorgenommen werden solle.<\/span><!--more--><!--more--><!--noteaser--><span dir=\"ltr\">Aus der <a href=\"https:\/\/www.sahra-damus.de\/wordpress\/wp-content\/uploads\/2021\/05\/2869.pdf\">Kleinen Anfrage zu Barrierefreiheit und Umsteigebeziehungen am Haltepunkt Wer-<\/a><\/span><span dir=\"ltr\">big (RB 26\/RB 60) vom 17.02.2021 ergab sich, dass eine Finanzierung und Umsetzung der <\/span><span dir=\"ltr\">Erneuerung des Kreuzungsbauwerks durch die DB erfreulicherweise f\u00fcr 2023 geplant ist.<\/span><span dir=\"ltr\">Ob daf\u00fcr eine Rampe oder ein Aufzug in<\/span><span dir=\"ltr\">f<\/span><span dir=\"ltr\">rage kommt, konnte noch nicht abschlie\u00dfend be-<\/span><span dir=\"ltr\">antwortet werden. Zudem erfolgte in der <\/span><span dir=\"ltr\">Antwort auf die <\/span><span dir=\"ltr\">Anfrage der Zusatz, dass ein voll-<\/span><span dir=\"ltr\">st\u00e4ndig barrierefreier Ausbau der Station Werbig im Zusammenhang mit dem angestreb<\/span><span dir=\"ltr\">ten <\/span><span dir=\"ltr\">zweigleisigen Ausbau der Ostbahn vorgenommen werden solle.<\/span><\/p>\n<p><span dir=\"ltr\">Ich frage die Landesregierung: Ist bei der f\u00fcr 2023 geplanten Erneuerung des Kreuzungs-<\/span><span dir=\"ltr\">bauwerks am Haltepunkt Werbig eine Rampe<\/span><span dir=\"ltr\">,<\/span><span dir=\"ltr\">ein Aufzug oder auch eine Erneuerung ohne <\/span><span dir=\"ltr\">eine der beiden Einrich<\/span><span dir=\"ltr\">tungen <\/span><span dir=\"ltr\">vorgesehen?<\/span><\/p>\n<p>Im Namen der Landesregierung antwortete der Minister f\u00fcr Infrastruktur und Landesplanung Guido Beermann am 25.03.2021:<\/p>\n<p>&#8220;Am Kreuzungsbauwerk Werbig kreuzen die Oderbruchbahn und die Ostbahn. Beide Strecken werden von ihrer Eigent\u00fcmerin, der DB Netz AG, betrieben. Bereits 2015 wurden die Bahnsteiganlagen grundhaft erneuert. 2018 wurden im Zuge der Vorplanungen zur Erneuerung des Kreuzungsbauwerks mehrere Varianten f\u00fcr eine Bahnsteigverkn\u00fcpfung inkl. der barrierefreien Erschlie\u00dfung des oberen Bahnsteigs mittels Aufz\u00fcgen gepr\u00fcft und vorgestellt. Aufgrund extrem hoher Baukostensteigerungen kam es seinerzeit zu keiner L\u00f6sung. Im Rahmen der Erneuerung des Kreuzungsbauwerks Werbig durch die DB Netz AG ab 2023 wird somit noch kein barrierefreier Ausbau der Station Werbig erfolgen k\u00f6nnen, dies auch mit R\u00fccksichtnahme auf den angestrebten zweigleisigen Ausbau der Ostbahn. Mit dem Ausbau der Ostbahn wird ein zweiter Bahnsteig im unteren Stationsteil erforderlich, der f\u00fcr eine Turml\u00f6sung durch eine Fu\u00dfg\u00e4ngerbr\u00fccke und Treppenanlage mit Aufzugs- oder Rampenl\u00f6sung mit dem oberen Teil zu verbinden ist. Aufgrund des Erfordernisses einer ganzheitlichen Planung werden barrierefreie L\u00f6sungen daher aktuell nicht separat geplant.&#8221;<\/p>\n","protected":false},"excerpt":{"rendered":"<p>Aus der Kleinen Anfrage zu Barrierefreiheit und Umsteigebeziehungen am Haltepunkt Werbig (RB 26\/RB 60) vom 17.02.2021 ergab sich, dass eine Finanzierung und Umsetzung der Erneuerung des Kreuzungsbauwerks durch die DB [&hellip;]<\/p>\n","protected":false},"author":1,"featured_media":0,"comment_status":"open","ping_status":"open","sticky":false,"template":"","format":"standard","meta":{"footnotes":""},"categories":[13,8,1],"tags":[],"class_list":["post-724","post","type-post","status-publish","format-standard","hentry","category-anfragen","category-imlandtag","category-uncategorized"],"_links":{"self":[{"href":"https:\/\/www.sahra-damus.de\/wordpress\/wp-json\/wp\/v2\/posts\/724","targetHints":{"allow":["GET"]}}],"collection":[{"href":"https:\/\/www.sahra-damus.de\/wordpress\/wp-json\/wp\/v2\/posts"}],"about":[{"href":"https:\/\/www.sahra-damus.de\/wordpress\/wp-json\/wp\/v2\/types\/post"}],"author":[{"embeddable":true,"href":"https:\/\/www.sahra-damus.de\/wordpress\/wp-json\/wp\/v2\/users\/1"}],"replies":[{"embeddable":true,"href":"https:\/\/www.sahra-damus.de\/wordpress\/wp-json\/wp\/v2\/comments?post=724"}],"version-history":[{"count":7,"href":"https:\/\/www.sahra-damus.de\/wordpress\/wp-json\/wp\/v2\/posts\/724\/revisions"}],"predecessor-version":[{"id":738,"href":"https:\/\/www.sahra-damus.de\/wordpress\/wp-json\/wp\/v2\/posts\/724\/revisions\/738"}],"wp:attachment":[{"href":"https:\/\/www.sahra-damus.de\/wordpress\/wp-json\/wp\/v2\/media?parent=724"}],"wp:term":[{"taxonomy":"category","embeddable":true,"href":"https:\/\/www.sahra-damus.de\/wordpress\/wp-json\/wp\/v2\/categories?post=724"},{"taxonomy":"post_tag","embeddable":true,"href":"https:\/\/www.sahra-damus.de\/wordpress\/wp-json\/wp\/v2\/tags?post=724"}],"curies":[{"name":"wp","href":"https:\/\/api.w.org\/{rel}","templated":true}]}}