{"id":862,"date":"2021-06-28T09:33:04","date_gmt":"2021-06-28T09:33:04","guid":{"rendered":"https:\/\/www.sahra-damus.de\/wordpress\/?p=862"},"modified":"2022-05-18T08:54:44","modified_gmt":"2022-05-18T08:54:44","slug":"sammelstelle-fuer-alt-handy-und-korken-in-meinem-wahlkreisbuero","status":"publish","type":"post","link":"https:\/\/www.sahra-damus.de\/wordpress\/sammelstelle-fuer-alt-handy-und-korken-in-meinem-wahlkreisbuero\/","title":{"rendered":"Sammelstelle f\u00fcr Alt-Handy und Korken in meinem Wahlkreisb\u00fcro"},"content":{"rendered":"<p><span class=\"d2edcug0 hpfvmrgz qv66sw1b c1et5uql lr9zc1uh a8c37x1j keod5gw0 nxhoafnm aigsh9s9 d3f4x2em fe6kdd0r mau55g9w c8b282yb iv3no6db jq4qci2q a3bd9o3v knj5qynh oo9gr5id hzawbc8m\" dir=\"auto\"><img loading=\"lazy\" decoding=\"async\" class=\" wp-image-864 alignleft\" src=\"https:\/\/www.sahra-damus.de\/wordpress\/wp-content\/uploads\/2021\/06\/photo_2021-06-19_12-15-18-300x158.jpg\" alt=\"\" width=\"239\" height=\"126\" srcset=\"https:\/\/www.sahra-damus.de\/wordpress\/wp-content\/uploads\/2021\/06\/photo_2021-06-19_12-15-18-300x158.jpg 300w, https:\/\/www.sahra-damus.de\/wordpress\/wp-content\/uploads\/2021\/06\/photo_2021-06-19_12-15-18-1024x538.jpg 1024w, https:\/\/www.sahra-damus.de\/wordpress\/wp-content\/uploads\/2021\/06\/photo_2021-06-19_12-15-18-768x403.jpg 768w, https:\/\/www.sahra-damus.de\/wordpress\/wp-content\/uploads\/2021\/06\/photo_2021-06-19_12-15-18.jpg 1200w\" sizes=\"auto, (max-width: 239px) 100vw, 239px\" \/> Wir haben unser B\u00fcro in der Gubener Str. 40 anl\u00e4sslich der Woche der Umwelt als Sammelstelle f\u00fcr Alt-Handys und Korken eingeweiht!<\/span><\/p>\n<p>&nbsp;<\/p>\n<p>&nbsp;<\/p>\n<p><span class=\"d2edcug0 hpfvmrgz qv66sw1b c1et5uql lr9zc1uh a8c37x1j keod5gw0 nxhoafnm aigsh9s9 d3f4x2em fe6kdd0r mau55g9w c8b282yb iv3no6db jq4qci2q a3bd9o3v knj5qynh oo9gr5id hzawbc8m\" dir=\"auto\"><!--more--><!--more--><!--noteaser--> <img loading=\"lazy\" decoding=\"async\" class=\"wp-image-864 alignnone\" src=\"https:\/\/www.sahra-damus.de\/wordpress\/wp-content\/uploads\/2021\/06\/photo_2021-06-19_12-15-18-300x158.jpg\" alt=\"\" width=\"619\" height=\"326\" srcset=\"https:\/\/www.sahra-damus.de\/wordpress\/wp-content\/uploads\/2021\/06\/photo_2021-06-19_12-15-18-300x158.jpg 300w, https:\/\/www.sahra-damus.de\/wordpress\/wp-content\/uploads\/2021\/06\/photo_2021-06-19_12-15-18-1024x538.jpg 1024w, https:\/\/www.sahra-damus.de\/wordpress\/wp-content\/uploads\/2021\/06\/photo_2021-06-19_12-15-18-768x403.jpg 768w, https:\/\/www.sahra-damus.de\/wordpress\/wp-content\/uploads\/2021\/06\/photo_2021-06-19_12-15-18.jpg 1200w\" sizes=\"auto, (max-width: 619px) 100vw, 619px\" \/><\/span><\/p>\n<p><span class=\"d2edcug0 hpfvmrgz qv66sw1b c1et5uql lr9zc1uh a8c37x1j keod5gw0 nxhoafnm aigsh9s9 d3f4x2em fe6kdd0r mau55g9w c8b282yb iv3no6db jq4qci2q a3bd9o3v knj5qynh oo9gr5id hzawbc8m\" dir=\"auto\">Aus den Handys werden wertvolle Rohstoffe rausgeholt und wiederverwertet. Eure Daten werden vorher nat\u00fcrlich sorgf\u00e4ltig gel\u00f6scht. Der Nabu finanziert aus den Erl\u00f6sen Projekte zum Insektenschutz. Und auch Korken sammeln wir &#8211; bisher gab es daf\u00fcr n\u00e4mlich keine Abgabestelle in FFO. Dabei ist Kork ebenfalls ein wertvoller Rohstoff, aus dem \u00f6kologischer D\u00e4mmstoff hergestellt werden kann. Viel zu schade f\u00fcr den M\u00fcll! Kleine Mengen einfach in den Briefkasten stecken, gr\u00f6\u00dfere Mengen bitte zu den \u00d6ffnungszeiten oder nach Vereinbarung per Telefon\/Mail vorbeibringen. <a class=\"oajrlxb2 g5ia77u1 qu0x051f esr5mh6w e9989ue4 r7d6kgcz rq0escxv nhd2j8a9 nc684nl6 p7hjln8o kvgmc6g5 cxmmr5t8 oygrvhab hcukyx3x jb3vyjys rz4wbd8a qt6c0cv9 a8nywdso i1ao9s8h esuyzwwr f1sip0of lzcic4wl py34i1dx gpro0wi8\" tabindex=\"0\" role=\"link\" href=\"https:\/\/www.sahra-damus.de\/wordpress\/kontakt\/?fbclid=IwAR3x-Uev9HYbTIeh7V-D2kroZp03rkf77Cm1TwN487AMPNtKDs3n38THdDU\" target=\"_blank\" rel=\"nofollow noopener\">https:\/\/www.sahra-damus.de\/wordpress\/kontakt\/<\/a><\/span><\/p>\n","protected":false},"excerpt":{"rendered":"<p>Wir haben unser B\u00fcro in der Gubener Str. 40 anl\u00e4sslich der Woche der Umwelt als Sammelstelle f\u00fcr Alt-Handys und Korken eingeweiht! &nbsp; &nbsp;<\/p>\n","protected":false},"author":1,"featured_media":0,"comment_status":"open","ping_status":"open","sticky":false,"template":"","format":"standard","meta":{"footnotes":""},"categories":[1],"tags":[39,46],"class_list":["post-862","post","type-post","status-publish","format-standard","hentry","category-uncategorized","tag-frankfurt-oder","tag-wahlkreisbuero"],"_links":{"self":[{"href":"https:\/\/www.sahra-damus.de\/wordpress\/wp-json\/wp\/v2\/posts\/862","targetHints":{"allow":["GET"]}}],"collection":[{"href":"https:\/\/www.sahra-damus.de\/wordpress\/wp-json\/wp\/v2\/posts"}],"about":[{"href":"https:\/\/www.sahra-damus.de\/wordpress\/wp-json\/wp\/v2\/types\/post"}],"author":[{"embeddable":true,"href":"https:\/\/www.sahra-damus.de\/wordpress\/wp-json\/wp\/v2\/users\/1"}],"replies":[{"embeddable":true,"href":"https:\/\/www.sahra-damus.de\/wordpress\/wp-json\/wp\/v2\/comments?post=862"}],"version-history":[{"count":5,"href":"https:\/\/www.sahra-damus.de\/wordpress\/wp-json\/wp\/v2\/posts\/862\/revisions"}],"predecessor-version":[{"id":869,"href":"https:\/\/www.sahra-damus.de\/wordpress\/wp-json\/wp\/v2\/posts\/862\/revisions\/869"}],"wp:attachment":[{"href":"https:\/\/www.sahra-damus.de\/wordpress\/wp-json\/wp\/v2\/media?parent=862"}],"wp:term":[{"taxonomy":"category","embeddable":true,"href":"https:\/\/www.sahra-damus.de\/wordpress\/wp-json\/wp\/v2\/categories?post=862"},{"taxonomy":"post_tag","embeddable":true,"href":"https:\/\/www.sahra-damus.de\/wordpress\/wp-json\/wp\/v2\/tags?post=862"}],"curies":[{"name":"wp","href":"https:\/\/api.w.org\/{rel}","templated":true}]}}